{"id":107046,"date":"2021-10-14T08:55:10","date_gmt":"2021-10-14T06:55:10","guid":{"rendered":"https:\/\/headwear.com.pl\/?p=107046"},"modified":"2021-10-14T08:55:12","modified_gmt":"2021-10-14T06:55:12","slug":"nowosc-czapka-zimowa-3024","status":"publish","type":"post","link":"https:\/\/headwear.com.pl\/de\/2021\/10\/14\/nowosc-czapka-zimowa-3024\/","title":{"rendered":"Nowo\u015b\u0107 \u2013 czapka zimowa #3024"},"content":{"rendered":"<h2><strong>Nowo\u015b\u0107 w naszej ofercie \u2013 czapka zimowa wykonana z tkaniny micromodal<\/strong><\/h2>\n<p><strong>Czapka zimowa \u2013 <\/strong><a href=\"https:\/\/headwear.com.pl\/de\/angebot\/3024-wintermutze\/\" target=\"_blank\" rel=\"noopener\"><strong>model #3024<\/strong><\/a>, bo o niej mowa, to wygodna i cienka czapka dost\u0119pna w kolorze czarnym i granatowym, kt\u00f3ra idealnie sprawdzi si\u0119 podczas r\u00f3\u017cnych aktywno\u015bci outdoorowych. Wykonana z mi\u0119kkiego i cienkiego micromodalu, kt\u00f3ry jest przewiewnym, szybkoschn\u0105cym i przyjaznym dla alergik\u00f3w materia\u0142em. Micromodal jest tkanin\u0105 przyjazn\u0105 dla \u015brodowiska, kt\u00f3rego proces produkcyjny jest neutralny pod wzgl\u0119dem emisji CO2.<\/p>\n<p class=\"translation-block\">Das Material ist 100% umweltfreundlich. Au\u00dferdem absorbiert es Feuchtigkeit besser als Baumwolle! Aus diesem Grund wird es h\u00e4ufig bei der Herstellung von Sportbekleidung verwendet, was deutlich zeigt, dass es auch bei intensiver k\u00f6rperlicher Bet\u00e4tigung den richtigen Komfort bietet.<\/p>\n<p><strong>Die wichtigsten Vorteile von Mikromodal sind:<\/strong><\/p>\n<ul>\n<li>100% pflanzliches Material,<\/li>\n<li>ein gl\u00e4nzender, seidiger Schimmer und ein angenehmes Gef\u00fchl der \"k\u00fchlen Ber\u00fchrung\",<\/li>\n<li>hohe Hygroskopizit\u00e4t (50% h\u00f6her als bei Baumwollfasern),<\/li>\n<li>h\u00f6here Widerstandsf\u00e4higkeit gegen Schrumpfung und Farbverlust als herk\u00f6mmliche Viskose,<\/li>\n<li>Widerstandsf\u00e4higkeit gegen Faltenbildung.<\/li>\n<\/ul>\n<p><strong>Wi\u0119cej o produkcie<\/strong> \u2013 <a href=\"https:\/\/headwear.com.pl\/de\/angebot\/3024-wintermutze\/\" target=\"_blank\" rel=\"noopener\">https:\/\/headwear.com.pl\/oferta\/3024-czapka-zimowa\/<\/a><\/p>","protected":false},"excerpt":{"rendered":"<p>Nowo\u015b\u0107 w naszej ofercie &#8211; czapka zimowa wykonana z tkaniny micromodal Czapka zimowa &#8211; model #3024, bo o niej mowa, to wygodna i cienka czapka dost\u0119pna w kolorze czarnym i granatowym, kt\u00f3ra idealnie sprawdzi si\u0119 podczas r\u00f3\u017cnych aktywno\u015bci outdoorowych. Wykonana z mi\u0119kkiego i cienkiego micromodalu, kt\u00f3ry jest przewiewnym, szybkoschn\u0105cym i przyjaznym dla alergik\u00f3w materia\u0142em. Micromodal jest tkanin\u0105 przyjazn\u0105 dla \u015brodowiska, kt\u00f3rego proces produkcyjny jest neutralny pod wzgl\u0119dem emisji CO2. Materia\u0142 ten jest w 100% naturalny. W dodatku lepiej wch\u0142ania wilgo\u0107 ni\u017c bawe\u0142na! Dlatego cz\u0119sto u\u017cywa si\u0119 go do produkcji odzie\u017cy sportowej, co jasno wskazuje na to, \u017ce zapewnia on odpowiedni poziom komfortu, nawet podczas wzmo\u017conego ruchu. G\u0142\u00f3wne zalety micromodalu to: materia\u0142 w 100% pochodzenia ro\u015blinnego, b\u0142yszcz\u0105cy, at\u0142asowy po\u0142ysk i uczucie mi\u0142ego, \u201ech\u0142odnego dotyku\u201d, wysoka higroskopijno\u015b\u0107 (50% wy\u017csza ni\u017c w\u0142\u00f3kna bawe\u0142niane), wy\u017csza ni\u017c w przypadku tradycyjnej wiskozy odporno\u015b\u0107 na kurczenie si\u0119 i utrat\u0119 koloru, odporno\u015b\u0107 na gniecenie si\u0119. Wi\u0119cej o produkcie &#8211; https:\/\/headwear.com.pl\/oferta\/3024-czapka-zimowa\/<\/p>","protected":false},"author":1,"featured_media":107048,"comment_status":"open","ping_status":"open","sticky":false,"template":"","format":"standard","meta":{"footnotes":""},"categories":[112],"tags":[119,407],"yoast_head":"<!-- This site is optimized with the Yoast SEO plugin v22.7 - https:\/\/yoast.com\/wordpress\/plugins\/seo\/ -->\n<title>Nowo\u015b\u0107 - czapka zimowa #3024 - Headwear Professionals<\/title>\n<meta name=\"description\" content=\"Czapka zimowa #3024, to wygodna i cienka czapka dost\u0119pna w kolorze czarnym i granatowym, kt\u00f3ra idealnie sprawdzi si\u0119 podczas aktywno\u015bci outdoorowych.\" \/>\n<meta name=\"robots\" content=\"index, follow, max-snippet:-1, max-image-preview:large, max-video-preview:-1\" \/>\n<link rel=\"canonical\" href=\"https:\/\/headwear.com.pl\/de\/2021\/10\/14\/nowosc-czapka-zimowa-3024\/\" \/>\n<meta property=\"og:locale\" content=\"de_DE\" \/>\n<meta property=\"og:type\" content=\"article\" \/>\n<meta property=\"og:title\" content=\"Nowo\u015b\u0107 - czapka zimowa #3024 - Headwear Professionals\" \/>\n<meta property=\"og:description\" content=\"Czapka zimowa #3024, to wygodna i cienka czapka dost\u0119pna w kolorze czarnym i granatowym, kt\u00f3ra idealnie sprawdzi si\u0119 podczas aktywno\u015bci outdoorowych.\" \/>\n<meta property=\"og:url\" content=\"https:\/\/headwear.com.pl\/de\/2021\/10\/14\/nowosc-czapka-zimowa-3024\/\" \/>\n<meta property=\"og:site_name\" content=\"Headwear Professionals\" \/>\n<meta property=\"article:publisher\" content=\"https:\/\/www.facebook.com\/HeadwearPolska\" \/>\n<meta property=\"article:published_time\" content=\"2021-10-14T06:55:10+00:00\" \/>\n<meta property=\"article:modified_time\" content=\"2021-10-14T06:55:12+00:00\" \/>\n<meta property=\"og:image\" content=\"https:\/\/headwear.com.pl\/wp-content\/uploads\/2021\/10\/czapka-zimowa-3024-nowosc.jpg\" \/>\n\t<meta property=\"og:image:width\" content=\"1200\" \/>\n\t<meta property=\"og:image:height\" content=\"791\" \/>\n\t<meta property=\"og:image:type\" content=\"image\/jpeg\" \/>\n<meta name=\"author\" content=\"Headwear Professionals\" \/>\n<meta name=\"twitter:card\" content=\"summary_large_image\" \/>\n<meta name=\"twitter:label1\" content=\"Verfasst von\" \/>\n\t<meta name=\"twitter:data1\" content=\"Headwear Professionals\" \/>\n\t<meta name=\"twitter:label2\" content=\"Gesch\u00e4tzte Lesezeit\" \/>\n\t<meta name=\"twitter:data2\" content=\"1\u00a0Minute\" \/>\n<script type=\"application\/ld+json\" class=\"yoast-schema-graph\">{\"@context\":\"https:\/\/schema.org\",\"@graph\":[{\"@type\":\"Article\",\"@id\":\"https:\/\/headwear.com.pl\/2021\/10\/14\/nowosc-czapka-zimowa-3024\/#article\",\"isPartOf\":{\"@id\":\"https:\/\/headwear.com.pl\/2021\/10\/14\/nowosc-czapka-zimowa-3024\/\"},\"author\":{\"name\":\"Headwear Professionals\",\"@id\":\"https:\/\/headwear.com.pl\/fr\/#\/schema\/person\/6871294ea681d14fa01a4bd1398cc4ac\"},\"headline\":\"Nowo\u015b\u0107 &#8211; czapka zimowa #3024\",\"datePublished\":\"2021-10-14T06:55:10+00:00\",\"dateModified\":\"2021-10-14T06:55:12+00:00\",\"mainEntityOfPage\":{\"@id\":\"https:\/\/headwear.com.pl\/2021\/10\/14\/nowosc-czapka-zimowa-3024\/\"},\"wordCount\":187,\"commentCount\":0,\"publisher\":{\"@id\":\"https:\/\/headwear.com.pl\/fr\/#organization\"},\"image\":{\"@id\":\"https:\/\/headwear.com.pl\/2021\/10\/14\/nowosc-czapka-zimowa-3024\/#primaryimage\"},\"thumbnailUrl\":\"https:\/\/headwear.com.pl\/wp-content\/uploads\/2021\/10\/czapka-zimowa-3024-nowosc.jpg\",\"keywords\":[\"Czapka zimowa\",\"micromodal\"],\"articleSection\":[\"Czapki zimowe\"],\"inLanguage\":\"de\",\"potentialAction\":[{\"@type\":\"CommentAction\",\"name\":\"Comment\",\"target\":[\"https:\/\/headwear.com.pl\/2021\/10\/14\/nowosc-czapka-zimowa-3024\/#respond\"]}]},{\"@type\":\"WebPage\",\"@id\":\"https:\/\/headwear.com.pl\/2021\/10\/14\/nowosc-czapka-zimowa-3024\/\",\"url\":\"https:\/\/headwear.com.pl\/2021\/10\/14\/nowosc-czapka-zimowa-3024\/\",\"name\":\"Nowo\u015b\u0107 - czapka zimowa #3024 - Headwear Professionals\",\"isPartOf\":{\"@id\":\"https:\/\/headwear.com.pl\/fr\/#website\"},\"primaryImageOfPage\":{\"@id\":\"https:\/\/headwear.com.pl\/2021\/10\/14\/nowosc-czapka-zimowa-3024\/#primaryimage\"},\"image\":{\"@id\":\"https:\/\/headwear.com.pl\/2021\/10\/14\/nowosc-czapka-zimowa-3024\/#primaryimage\"},\"thumbnailUrl\":\"https:\/\/headwear.com.pl\/wp-content\/uploads\/2021\/10\/czapka-zimowa-3024-nowosc.jpg\",\"datePublished\":\"2021-10-14T06:55:10+00:00\",\"dateModified\":\"2021-10-14T06:55:12+00:00\",\"description\":\"Czapka zimowa #3024, to wygodna i cienka czapka dost\u0119pna w kolorze czarnym i granatowym, kt\u00f3ra idealnie sprawdzi si\u0119 podczas aktywno\u015bci outdoorowych.\",\"breadcrumb\":{\"@id\":\"https:\/\/headwear.com.pl\/2021\/10\/14\/nowosc-czapka-zimowa-3024\/#breadcrumb\"},\"inLanguage\":\"de\",\"potentialAction\":[{\"@type\":\"ReadAction\",\"target\":[\"https:\/\/headwear.com.pl\/2021\/10\/14\/nowosc-czapka-zimowa-3024\/\"]}]},{\"@type\":\"ImageObject\",\"inLanguage\":\"de\",\"@id\":\"https:\/\/headwear.com.pl\/2021\/10\/14\/nowosc-czapka-zimowa-3024\/#primaryimage\",\"url\":\"https:\/\/headwear.com.pl\/wp-content\/uploads\/2021\/10\/czapka-zimowa-3024-nowosc.jpg\",\"contentUrl\":\"https:\/\/headwear.com.pl\/wp-content\/uploads\/2021\/10\/czapka-zimowa-3024-nowosc.jpg\",\"width\":1200,\"height\":791,\"caption\":\"Czapka zimowa - 3024\"},{\"@type\":\"BreadcrumbList\",\"@id\":\"https:\/\/headwear.com.pl\/2021\/10\/14\/nowosc-czapka-zimowa-3024\/#breadcrumb\",\"itemListElement\":[{\"@type\":\"ListItem\",\"position\":1,\"name\":\"Strona g\u0142\u00f3wna\",\"item\":\"https:\/\/headwear.com.pl\/\"},{\"@type\":\"ListItem\",\"position\":2,\"name\":\"Nowo\u015b\u0107 &#8211; czapka zimowa #3024\"}]},{\"@type\":\"WebSite\",\"@id\":\"https:\/\/headwear.com.pl\/fr\/#website\",\"url\":\"https:\/\/headwear.com.pl\/fr\/\",\"name\":\"Headwear Professionals\",\"description\":\"Produkcj\u0105 czapek reklamowych zajmujemy si\u0119 od 1974 roku. Pracujemy tylko z agencjami reklamowymi\",\"publisher\":{\"@id\":\"https:\/\/headwear.com.pl\/fr\/#organization\"},\"potentialAction\":[{\"@type\":\"SearchAction\",\"target\":{\"@type\":\"EntryPoint\",\"urlTemplate\":\"https:\/\/headwear.com.pl\/fr\/?s={search_term_string}\"},\"query-input\":\"required name=search_term_string\"}],\"inLanguage\":\"de\"},{\"@type\":\"Organization\",\"@id\":\"https:\/\/headwear.com.pl\/fr\/#organization\",\"name\":\"Headwear Professionals\",\"url\":\"https:\/\/headwear.com.pl\/fr\/\",\"logo\":{\"@type\":\"ImageObject\",\"inLanguage\":\"de\",\"@id\":\"https:\/\/headwear.com.pl\/fr\/#\/schema\/logo\/image\/\",\"url\":\"https:\/\/headwear.com.pl\/wp-content\/uploads\/2024\/05\/Headwear_COLOR_RGB_logo.jpg\",\"contentUrl\":\"https:\/\/headwear.com.pl\/wp-content\/uploads\/2024\/05\/Headwear_COLOR_RGB_logo.jpg\",\"width\":1786,\"height\":1263,\"caption\":\"Headwear Professionals\"},\"image\":{\"@id\":\"https:\/\/headwear.com.pl\/fr\/#\/schema\/logo\/image\/\"},\"sameAs\":[\"https:\/\/www.facebook.com\/HeadwearPolska\",\"https:\/\/www.linkedin.com\/company\/headwearpolska\"]},{\"@type\":\"Person\",\"@id\":\"https:\/\/headwear.com.pl\/fr\/#\/schema\/person\/6871294ea681d14fa01a4bd1398cc4ac\",\"name\":\"Headwear Professionals\",\"image\":{\"@type\":\"ImageObject\",\"inLanguage\":\"de\",\"@id\":\"https:\/\/headwear.com.pl\/fr\/#\/schema\/person\/image\/\",\"url\":\"https:\/\/secure.gravatar.com\/avatar\/f9e18019ef65c89d9bef13812dfdca7f?s=96&d=mm&r=g\",\"contentUrl\":\"https:\/\/secure.gravatar.com\/avatar\/f9e18019ef65c89d9bef13812dfdca7f?s=96&d=mm&r=g\",\"caption\":\"Headwear Professionals\"},\"url\":\"https:\/\/headwear.com.pl\/de\/author\/admin\/\"}]}<\/script>\n<!-- \/ Yoast SEO plugin. -->","yoast_head_json":{"title":"Nowo\u015b\u0107 - czapka zimowa #3024 - Headwear Professionals","description":"Czapka zimowa #3024, to wygodna i cienka czapka dost\u0119pna w kolorze czarnym i granatowym, kt\u00f3ra idealnie sprawdzi si\u0119 podczas aktywno\u015bci outdoorowych.","robots":{"index":"index","follow":"follow","max-snippet":"max-snippet:-1","max-image-preview":"max-image-preview:large","max-video-preview":"max-video-preview:-1"},"canonical":"https:\/\/headwear.com.pl\/de\/2021\/10\/14\/nowosc-czapka-zimowa-3024\/","og_locale":"de_DE","og_type":"article","og_title":"Nowo\u015b\u0107 - czapka zimowa #3024 - Headwear Professionals","og_description":"Czapka zimowa #3024, to wygodna i cienka czapka dost\u0119pna w kolorze czarnym i granatowym, kt\u00f3ra idealnie sprawdzi si\u0119 podczas aktywno\u015bci outdoorowych.","og_url":"https:\/\/headwear.com.pl\/de\/2021\/10\/14\/nowosc-czapka-zimowa-3024\/","og_site_name":"Headwear Professionals","article_publisher":"https:\/\/www.facebook.com\/HeadwearPolska","article_published_time":"2021-10-14T06:55:10+00:00","article_modified_time":"2021-10-14T06:55:12+00:00","og_image":[{"width":1200,"height":791,"url":"https:\/\/headwear.com.pl\/wp-content\/uploads\/2021\/10\/czapka-zimowa-3024-nowosc.jpg","type":"image\/jpeg"}],"author":"Headwear Professionals","twitter_card":"summary_large_image","twitter_misc":{"Verfasst von":"Headwear Professionals","Gesch\u00e4tzte Lesezeit":"1\u00a0Minute"},"schema":{"@context":"https:\/\/schema.org","@graph":[{"@type":"Article","@id":"https:\/\/headwear.com.pl\/2021\/10\/14\/nowosc-czapka-zimowa-3024\/#article","isPartOf":{"@id":"https:\/\/headwear.com.pl\/2021\/10\/14\/nowosc-czapka-zimowa-3024\/"},"author":{"name":"Headwear Professionals","@id":"https:\/\/headwear.com.pl\/fr\/#\/schema\/person\/6871294ea681d14fa01a4bd1398cc4ac"},"headline":"Nowo\u015b\u0107 &#8211; czapka zimowa #3024","datePublished":"2021-10-14T06:55:10+00:00","dateModified":"2021-10-14T06:55:12+00:00","mainEntityOfPage":{"@id":"https:\/\/headwear.com.pl\/2021\/10\/14\/nowosc-czapka-zimowa-3024\/"},"wordCount":187,"commentCount":0,"publisher":{"@id":"https:\/\/headwear.com.pl\/fr\/#organization"},"image":{"@id":"https:\/\/headwear.com.pl\/2021\/10\/14\/nowosc-czapka-zimowa-3024\/#primaryimage"},"thumbnailUrl":"https:\/\/headwear.com.pl\/wp-content\/uploads\/2021\/10\/czapka-zimowa-3024-nowosc.jpg","keywords":["Czapka zimowa","micromodal"],"articleSection":["Czapki zimowe"],"inLanguage":"de","potentialAction":[{"@type":"CommentAction","name":"Comment","target":["https:\/\/headwear.com.pl\/2021\/10\/14\/nowosc-czapka-zimowa-3024\/#respond"]}]},{"@type":"WebPage","@id":"https:\/\/headwear.com.pl\/2021\/10\/14\/nowosc-czapka-zimowa-3024\/","url":"https:\/\/headwear.com.pl\/2021\/10\/14\/nowosc-czapka-zimowa-3024\/","name":"Nowo\u015b\u0107 - czapka zimowa #3024 - Headwear Professionals","isPartOf":{"@id":"https:\/\/headwear.com.pl\/fr\/#website"},"primaryImageOfPage":{"@id":"https:\/\/headwear.com.pl\/2021\/10\/14\/nowosc-czapka-zimowa-3024\/#primaryimage"},"image":{"@id":"https:\/\/headwear.com.pl\/2021\/10\/14\/nowosc-czapka-zimowa-3024\/#primaryimage"},"thumbnailUrl":"https:\/\/headwear.com.pl\/wp-content\/uploads\/2021\/10\/czapka-zimowa-3024-nowosc.jpg","datePublished":"2021-10-14T06:55:10+00:00","dateModified":"2021-10-14T06:55:12+00:00","description":"Czapka zimowa #3024, to wygodna i cienka czapka dost\u0119pna w kolorze czarnym i granatowym, kt\u00f3ra idealnie sprawdzi si\u0119 podczas aktywno\u015bci outdoorowych.","breadcrumb":{"@id":"https:\/\/headwear.com.pl\/2021\/10\/14\/nowosc-czapka-zimowa-3024\/#breadcrumb"},"inLanguage":"de","potentialAction":[{"@type":"ReadAction","target":["https:\/\/headwear.com.pl\/2021\/10\/14\/nowosc-czapka-zimowa-3024\/"]}]},{"@type":"ImageObject","inLanguage":"de","@id":"https:\/\/headwear.com.pl\/2021\/10\/14\/nowosc-czapka-zimowa-3024\/#primaryimage","url":"https:\/\/headwear.com.pl\/wp-content\/uploads\/2021\/10\/czapka-zimowa-3024-nowosc.jpg","contentUrl":"https:\/\/headwear.com.pl\/wp-content\/uploads\/2021\/10\/czapka-zimowa-3024-nowosc.jpg","width":1200,"height":791,"caption":"Czapka zimowa - 3024"},{"@type":"BreadcrumbList","@id":"https:\/\/headwear.com.pl\/2021\/10\/14\/nowosc-czapka-zimowa-3024\/#breadcrumb","itemListElement":[{"@type":"ListItem","position":1,"name":"Strona g\u0142\u00f3wna","item":"https:\/\/headwear.com.pl\/"},{"@type":"ListItem","position":2,"name":"Nowo\u015b\u0107 &#8211; czapka zimowa #3024"}]},{"@type":"WebSite","@id":"https:\/\/headwear.com.pl\/fr\/#website","url":"https:\/\/headwear.com.pl\/fr\/","name":"Headwear-Profis","description":"Wir stellen seit 1974 Werbekappen her. Wir arbeiten nur mit Werbeagenturen zusammen","publisher":{"@id":"https:\/\/headwear.com.pl\/fr\/#organization"},"potentialAction":[{"@type":"SearchAction","target":{"@type":"EntryPoint","urlTemplate":"https:\/\/headwear.com.pl\/fr\/?s={search_term_string}"},"query-input":"required name=search_term_string"}],"inLanguage":"de"},{"@type":"Organization","@id":"https:\/\/headwear.com.pl\/fr\/#organization","name":"Headwear-Profis","url":"https:\/\/headwear.com.pl\/fr\/","logo":{"@type":"ImageObject","inLanguage":"de","@id":"https:\/\/headwear.com.pl\/fr\/#\/schema\/logo\/image\/","url":"https:\/\/headwear.com.pl\/wp-content\/uploads\/2024\/05\/Headwear_COLOR_RGB_logo.jpg","contentUrl":"https:\/\/headwear.com.pl\/wp-content\/uploads\/2024\/05\/Headwear_COLOR_RGB_logo.jpg","width":1786,"height":1263,"caption":"Headwear Professionals"},"image":{"@id":"https:\/\/headwear.com.pl\/fr\/#\/schema\/logo\/image\/"},"sameAs":["https:\/\/www.facebook.com\/HeadwearPolska","https:\/\/www.linkedin.com\/company\/headwearpolska"]},{"@type":"Person","@id":"https:\/\/headwear.com.pl\/fr\/#\/schema\/person\/6871294ea681d14fa01a4bd1398cc4ac","name":"Headwear-Profis","image":{"@type":"ImageObject","inLanguage":"de","@id":"https:\/\/headwear.com.pl\/fr\/#\/schema\/person\/image\/","url":"https:\/\/secure.gravatar.com\/avatar\/f9e18019ef65c89d9bef13812dfdca7f?s=96&d=mm&r=g","contentUrl":"https:\/\/secure.gravatar.com\/avatar\/f9e18019ef65c89d9bef13812dfdca7f?s=96&d=mm&r=g","caption":"Headwear Professionals"},"url":"https:\/\/headwear.com.pl\/de\/author\/admin\/"}]}},"_links":{"self":[{"href":"https:\/\/headwear.com.pl\/de\/wp-json\/wp\/v2\/posts\/107046"}],"collection":[{"href":"https:\/\/headwear.com.pl\/de\/wp-json\/wp\/v2\/posts"}],"about":[{"href":"https:\/\/headwear.com.pl\/de\/wp-json\/wp\/v2\/types\/post"}],"author":[{"embeddable":true,"href":"https:\/\/headwear.com.pl\/de\/wp-json\/wp\/v2\/users\/1"}],"replies":[{"embeddable":true,"href":"https:\/\/headwear.com.pl\/de\/wp-json\/wp\/v2\/comments?post=107046"}],"version-history":[{"count":3,"href":"https:\/\/headwear.com.pl\/de\/wp-json\/wp\/v2\/posts\/107046\/revisions"}],"predecessor-version":[{"id":107050,"href":"https:\/\/headwear.com.pl\/de\/wp-json\/wp\/v2\/posts\/107046\/revisions\/107050"}],"wp:featuredmedia":[{"embeddable":true,"href":"https:\/\/headwear.com.pl\/de\/wp-json\/wp\/v2\/media\/107048"}],"wp:attachment":[{"href":"https:\/\/headwear.com.pl\/de\/wp-json\/wp\/v2\/media?parent=107046"}],"wp:term":[{"taxonomy":"category","embeddable":true,"href":"https:\/\/headwear.com.pl\/de\/wp-json\/wp\/v2\/categories?post=107046"},{"taxonomy":"post_tag","embeddable":true,"href":"https:\/\/headwear.com.pl\/de\/wp-json\/wp\/v2\/tags?post=107046"}],"curies":[{"name":"wp","href":"https:\/\/api.w.org\/{rel}","templated":true}]}}