{"id":107243,"date":"2021-11-30T13:32:47","date_gmt":"2021-11-30T12:32:47","guid":{"rendered":"https:\/\/headwear.com.pl\/?p=107243"},"modified":"2021-11-30T13:32:47","modified_gmt":"2021-11-30T12:32:47","slug":"nowosc-3001-z-wywinieciem","status":"publish","type":"post","link":"https:\/\/headwear.com.pl\/en\/2021\/11\/30\/nowosc-3001-z-wywinieciem\/","title":{"rendered":"Nowo\u015b\u0107 \u2013 #3001 z wywini\u0119ciem"},"content":{"rendered":"<h2>Kolejna nowo\u015b\u0107 w naszej zimowej ofercie<\/h2>\n<p>Jeden z bardziej popularnych modeli czapek zimowych teraz dost\u0119pny jest w nowej ods\u0142onie. Mowa o czapce <a href=\"https:\/\/headwear.com.pl\/en\/products\/3001a\/\" target=\"_blank\" rel=\"noopener\"><strong>#3001<\/strong><\/a> typu \u201esmerfetka\u201d, kt\u00f3ra teraz wyst\u0119puje tak\u017ce w <a href=\"https:\/\/headwear.com.pl\/en\/products\/3001a\/\" target=\"_blank\" rel=\"noopener\"><strong>wersji z wywini\u0119ciem<\/strong><\/a>. Model ten jest wykonany z bawe\u0142ny z domieszk\u0105 elastanu. Standardowo czapka ta dost\u0119pna jest w 3 rozmiarach, jednak <strong>na \u017cyczenie klienta istnieje mo\u017cliwo\u015b\u0107 wyprodukowania czapki w dowolnym rozmiarze<\/strong>.<\/p>\n<p>Model ten wyst\u0119puje w <strong>ponad 40 wersjach kolorystycznych<\/strong>, co daje szerokie mo\u017cliwo\u015bci personalizacji czapki pod potrzeby klient\u00f3w. Dodatkowym atutem jest mo\u017cliwo\u015b\u0107 zastosowania wszystkich dost\u0119pnych technik znakowania \u2013 <strong>haft, nadruk, naszywki czy nadruk odblaskowy<\/strong>.<\/p>\n<p>Szczeg\u00f3\u0142owe informacje o produkcie \u2013 <a href=\"https:\/\/headwear.com.pl\/en\/products\/3001a\/\" target=\"_blank\" rel=\"noopener\"><strong>Here<\/strong><\/a><\/p>\n<div id='gallery-1' class='gallery galleryid-107243 gallery-columns-4 gallery-size-large'><figure class='gallery-item'>\n\t\t\t<div class='gallery-icon portrait'>\n\t\t\t\t<img loading=\"lazy\" decoding=\"async\" width=\"682\" height=\"1024\" src=\"https:\/\/headwear.com.pl\/wp-content\/uploads\/2021\/11\/image001-682x1024.jpg\" class=\"attachment-large size-large\" alt=\"\" srcset=\"https:\/\/headwear.com.pl\/wp-content\/uploads\/2021\/11\/image001-682x1024.jpg 682w, https:\/\/headwear.com.pl\/wp-content\/uploads\/2021\/11\/image001-200x300.jpg 200w, https:\/\/headwear.com.pl\/wp-content\/uploads\/2021\/11\/image001-8x12.jpg 8w, https:\/\/headwear.com.pl\/wp-content\/uploads\/2021\/11\/image001-84x126.jpg 84w, https:\/\/headwear.com.pl\/wp-content\/uploads\/2021\/11\/image001-450x676.jpg 450w, https:\/\/headwear.com.pl\/wp-content\/uploads\/2021\/11\/image001-526x790.jpg 526w, https:\/\/headwear.com.pl\/wp-content\/uploads\/2021\/11\/image001-360x541.jpg 360w, https:\/\/headwear.com.pl\/wp-content\/uploads\/2021\/11\/image001.jpg 706w\" sizes=\"(max-width: 682px) 100vw, 682px\" \/>\n\t\t\t<\/div><\/figure><figure class='gallery-item'>\n\t\t\t<div class='gallery-icon portrait'>\n\t\t\t\t<img loading=\"lazy\" decoding=\"async\" width=\"682\" height=\"1024\" src=\"https:\/\/headwear.com.pl\/wp-content\/uploads\/2021\/11\/image003-682x1024.jpg\" class=\"attachment-large size-large\" alt=\"\" srcset=\"https:\/\/headwear.com.pl\/wp-content\/uploads\/2021\/11\/image003-682x1024.jpg 682w, https:\/\/headwear.com.pl\/wp-content\/uploads\/2021\/11\/image003-200x300.jpg 200w, https:\/\/headwear.com.pl\/wp-content\/uploads\/2021\/11\/image003-8x12.jpg 8w, https:\/\/headwear.com.pl\/wp-content\/uploads\/2021\/11\/image003-84x126.jpg 84w, https:\/\/headwear.com.pl\/wp-content\/uploads\/2021\/11\/image003-450x676.jpg 450w, https:\/\/headwear.com.pl\/wp-content\/uploads\/2021\/11\/image003-526x790.jpg 526w, https:\/\/headwear.com.pl\/wp-content\/uploads\/2021\/11\/image003-360x541.jpg 360w, https:\/\/headwear.com.pl\/wp-content\/uploads\/2021\/11\/image003.jpg 706w\" sizes=\"(max-width: 682px) 100vw, 682px\" \/>\n\t\t\t<\/div><\/figure><figure class='gallery-item'>\n\t\t\t<div class='gallery-icon portrait'>\n\t\t\t\t<img loading=\"lazy\" decoding=\"async\" width=\"682\" height=\"1024\" src=\"https:\/\/headwear.com.pl\/wp-content\/uploads\/2021\/11\/image004-682x1024.jpg\" class=\"attachment-large size-large\" alt=\"\" srcset=\"https:\/\/headwear.com.pl\/wp-content\/uploads\/2021\/11\/image004-682x1024.jpg 682w, https:\/\/headwear.com.pl\/wp-content\/uploads\/2021\/11\/image004-200x300.jpg 200w, https:\/\/headwear.com.pl\/wp-content\/uploads\/2021\/11\/image004-8x12.jpg 8w, https:\/\/headwear.com.pl\/wp-content\/uploads\/2021\/11\/image004-84x126.jpg 84w, https:\/\/headwear.com.pl\/wp-content\/uploads\/2021\/11\/image004-450x676.jpg 450w, https:\/\/headwear.com.pl\/wp-content\/uploads\/2021\/11\/image004-526x790.jpg 526w, https:\/\/headwear.com.pl\/wp-content\/uploads\/2021\/11\/image004-360x541.jpg 360w, https:\/\/headwear.com.pl\/wp-content\/uploads\/2021\/11\/image004.jpg 706w\" sizes=\"(max-width: 682px) 100vw, 682px\" \/>\n\t\t\t<\/div><\/figure><figure class='gallery-item'>\n\t\t\t<div class='gallery-icon portrait'>\n\t\t\t\t<img loading=\"lazy\" decoding=\"async\" width=\"682\" height=\"1024\" src=\"https:\/\/headwear.com.pl\/wp-content\/uploads\/2021\/11\/image002-682x1024.jpg\" class=\"attachment-large size-large\" alt=\"\" srcset=\"https:\/\/headwear.com.pl\/wp-content\/uploads\/2021\/11\/image002-682x1024.jpg 682w, https:\/\/headwear.com.pl\/wp-content\/uploads\/2021\/11\/image002-200x300.jpg 200w, https:\/\/headwear.com.pl\/wp-content\/uploads\/2021\/11\/image002-8x12.jpg 8w, https:\/\/headwear.com.pl\/wp-content\/uploads\/2021\/11\/image002-84x126.jpg 84w, https:\/\/headwear.com.pl\/wp-content\/uploads\/2021\/11\/image002-450x676.jpg 450w, https:\/\/headwear.com.pl\/wp-content\/uploads\/2021\/11\/image002-526x790.jpg 526w, https:\/\/headwear.com.pl\/wp-content\/uploads\/2021\/11\/image002-360x541.jpg 360w, https:\/\/headwear.com.pl\/wp-content\/uploads\/2021\/11\/image002.jpg 706w\" sizes=\"(max-width: 682px) 100vw, 682px\" \/>\n\t\t\t<\/div><\/figure>\n\t\t<\/div>","protected":false},"excerpt":{"rendered":"<p>Kolejna nowo\u015b\u0107 w naszej zimowej ofercie Jeden z bardziej popularnych modeli czapek zimowych teraz dost\u0119pny jest w nowej ods\u0142onie. Mowa o czapce #3001 typu \u201esmerfetka\u201d, kt\u00f3ra teraz wyst\u0119puje tak\u017ce w wersji z wywini\u0119ciem. Model ten jest wykonany z bawe\u0142ny z domieszk\u0105 elastanu. Standardowo czapka ta dost\u0119pna jest w 3 rozmiarach, jednak na \u017cyczenie klienta istnieje mo\u017cliwo\u015b\u0107 wyprodukowania czapki w dowolnym rozmiarze. Model ten wyst\u0119puje w ponad 40 wersjach kolorystycznych, co daje szerokie mo\u017cliwo\u015bci personalizacji czapki pod potrzeby klient\u00f3w. Dodatkowym atutem jest mo\u017cliwo\u015b\u0107 zastosowania wszystkich dost\u0119pnych technik znakowania \u2013 haft, nadruk, naszywki czy nadruk odblaskowy. Szczeg\u00f3\u0142owe informacje o produkcie &#8211; TUTAJ<\/p>","protected":false},"author":1,"featured_media":107245,"comment_status":"open","ping_status":"open","sticky":false,"template":"","format":"standard","meta":{"footnotes":""},"categories":[112],"tags":[],"yoast_head":"<!-- This site is optimized with the Yoast SEO plugin v22.7 - https:\/\/yoast.com\/wordpress\/plugins\/seo\/ -->\n<title>Nowo\u015b\u0107 - #3001 z wywini\u0119ciem - Headwear Professionals<\/title>\n<meta name=\"description\" content=\"Nowo\u015b\u0107 w naszej ofercie czapek zimowych. Model #3001 z wywini\u0119ciem. Czapka wykonana z bawe\u0142ny oraz elastanu.\" \/>\n<meta name=\"robots\" content=\"index, follow, max-snippet:-1, max-image-preview:large, max-video-preview:-1\" \/>\n<link rel=\"canonical\" href=\"https:\/\/headwear.com.pl\/en\/2021\/11\/30\/nowosc-3001-z-wywinieciem\/\" \/>\n<meta property=\"og:locale\" content=\"en_GB\" \/>\n<meta property=\"og:type\" content=\"article\" \/>\n<meta property=\"og:title\" content=\"Nowo\u015b\u0107 - #3001 z wywini\u0119ciem - Headwear Professionals\" \/>\n<meta property=\"og:description\" content=\"Nowo\u015b\u0107 w naszej ofercie czapek zimowych. Model #3001 z wywini\u0119ciem. Czapka wykonana z bawe\u0142ny oraz elastanu.\" \/>\n<meta property=\"og:url\" content=\"https:\/\/headwear.com.pl\/en\/2021\/11\/30\/nowosc-3001-z-wywinieciem\/\" \/>\n<meta property=\"og:site_name\" content=\"Headwear Professionals\" \/>\n<meta property=\"article:publisher\" content=\"https:\/\/www.facebook.com\/HeadwearPolska\" \/>\n<meta property=\"article:published_time\" content=\"2021-11-30T12:32:47+00:00\" \/>\n<meta property=\"og:image\" content=\"https:\/\/headwear.com.pl\/wp-content\/uploads\/2021\/11\/3001_new_headwear_professionals.jpg\" \/>\n\t<meta property=\"og:image:width\" content=\"1200\" \/>\n\t<meta property=\"og:image:height\" content=\"791\" \/>\n\t<meta property=\"og:image:type\" content=\"image\/jpeg\" \/>\n<meta name=\"author\" content=\"Headwear Professionals\" \/>\n<meta name=\"twitter:card\" content=\"summary_large_image\" \/>\n<meta name=\"twitter:label1\" content=\"Written by\" \/>\n\t<meta name=\"twitter:data1\" content=\"Headwear Professionals\" \/>\n\t<meta name=\"twitter:label2\" content=\"Estimated reading time\" \/>\n\t<meta name=\"twitter:data2\" content=\"1 minute\" \/>\n<script type=\"application\/ld+json\" class=\"yoast-schema-graph\">{\"@context\":\"https:\/\/schema.org\",\"@graph\":[{\"@type\":\"Article\",\"@id\":\"https:\/\/headwear.com.pl\/2021\/11\/30\/nowosc-3001-z-wywinieciem\/#article\",\"isPartOf\":{\"@id\":\"https:\/\/headwear.com.pl\/2021\/11\/30\/nowosc-3001-z-wywinieciem\/\"},\"author\":{\"name\":\"Headwear Professionals\",\"@id\":\"https:\/\/headwear.com.pl\/fr\/#\/schema\/person\/6871294ea681d14fa01a4bd1398cc4ac\"},\"headline\":\"Nowo\u015b\u0107 &#8211; #3001 z wywini\u0119ciem\",\"datePublished\":\"2021-11-30T12:32:47+00:00\",\"dateModified\":\"2021-11-30T12:32:47+00:00\",\"mainEntityOfPage\":{\"@id\":\"https:\/\/headwear.com.pl\/2021\/11\/30\/nowosc-3001-z-wywinieciem\/\"},\"wordCount\":124,\"commentCount\":0,\"publisher\":{\"@id\":\"https:\/\/headwear.com.pl\/fr\/#organization\"},\"image\":{\"@id\":\"https:\/\/headwear.com.pl\/2021\/11\/30\/nowosc-3001-z-wywinieciem\/#primaryimage\"},\"thumbnailUrl\":\"https:\/\/headwear.com.pl\/wp-content\/uploads\/2021\/11\/3001_new_headwear_professionals.jpg\",\"articleSection\":[\"Czapki zimowe\"],\"inLanguage\":\"en-GB\",\"potentialAction\":[{\"@type\":\"CommentAction\",\"name\":\"Comment\",\"target\":[\"https:\/\/headwear.com.pl\/2021\/11\/30\/nowosc-3001-z-wywinieciem\/#respond\"]}]},{\"@type\":\"WebPage\",\"@id\":\"https:\/\/headwear.com.pl\/2021\/11\/30\/nowosc-3001-z-wywinieciem\/\",\"url\":\"https:\/\/headwear.com.pl\/2021\/11\/30\/nowosc-3001-z-wywinieciem\/\",\"name\":\"Nowo\u015b\u0107 - #3001 z wywini\u0119ciem - Headwear Professionals\",\"isPartOf\":{\"@id\":\"https:\/\/headwear.com.pl\/fr\/#website\"},\"primaryImageOfPage\":{\"@id\":\"https:\/\/headwear.com.pl\/2021\/11\/30\/nowosc-3001-z-wywinieciem\/#primaryimage\"},\"image\":{\"@id\":\"https:\/\/headwear.com.pl\/2021\/11\/30\/nowosc-3001-z-wywinieciem\/#primaryimage\"},\"thumbnailUrl\":\"https:\/\/headwear.com.pl\/wp-content\/uploads\/2021\/11\/3001_new_headwear_professionals.jpg\",\"datePublished\":\"2021-11-30T12:32:47+00:00\",\"dateModified\":\"2021-11-30T12:32:47+00:00\",\"description\":\"Nowo\u015b\u0107 w naszej ofercie czapek zimowych. Model #3001 z wywini\u0119ciem. Czapka wykonana z bawe\u0142ny oraz elastanu.\",\"breadcrumb\":{\"@id\":\"https:\/\/headwear.com.pl\/2021\/11\/30\/nowosc-3001-z-wywinieciem\/#breadcrumb\"},\"inLanguage\":\"en-GB\",\"potentialAction\":[{\"@type\":\"ReadAction\",\"target\":[\"https:\/\/headwear.com.pl\/2021\/11\/30\/nowosc-3001-z-wywinieciem\/\"]}]},{\"@type\":\"ImageObject\",\"inLanguage\":\"en-GB\",\"@id\":\"https:\/\/headwear.com.pl\/2021\/11\/30\/nowosc-3001-z-wywinieciem\/#primaryimage\",\"url\":\"https:\/\/headwear.com.pl\/wp-content\/uploads\/2021\/11\/3001_new_headwear_professionals.jpg\",\"contentUrl\":\"https:\/\/headwear.com.pl\/wp-content\/uploads\/2021\/11\/3001_new_headwear_professionals.jpg\",\"width\":1200,\"height\":791,\"caption\":\"Nowo\u015b\u0107 - czapka zimowa 3001\"},{\"@type\":\"BreadcrumbList\",\"@id\":\"https:\/\/headwear.com.pl\/2021\/11\/30\/nowosc-3001-z-wywinieciem\/#breadcrumb\",\"itemListElement\":[{\"@type\":\"ListItem\",\"position\":1,\"name\":\"Strona g\u0142\u00f3wna\",\"item\":\"https:\/\/headwear.com.pl\/\"},{\"@type\":\"ListItem\",\"position\":2,\"name\":\"Nowo\u015b\u0107 &#8211; #3001 z wywini\u0119ciem\"}]},{\"@type\":\"WebSite\",\"@id\":\"https:\/\/headwear.com.pl\/fr\/#website\",\"url\":\"https:\/\/headwear.com.pl\/fr\/\",\"name\":\"Headwear Professionals\",\"description\":\"Produkcj\u0105 czapek reklamowych zajmujemy si\u0119 od 1974 roku. Pracujemy tylko z agencjami reklamowymi\",\"publisher\":{\"@id\":\"https:\/\/headwear.com.pl\/fr\/#organization\"},\"potentialAction\":[{\"@type\":\"SearchAction\",\"target\":{\"@type\":\"EntryPoint\",\"urlTemplate\":\"https:\/\/headwear.com.pl\/fr\/?s={search_term_string}\"},\"query-input\":\"required name=search_term_string\"}],\"inLanguage\":\"en-GB\"},{\"@type\":\"Organization\",\"@id\":\"https:\/\/headwear.com.pl\/fr\/#organization\",\"name\":\"Headwear Professionals\",\"url\":\"https:\/\/headwear.com.pl\/fr\/\",\"logo\":{\"@type\":\"ImageObject\",\"inLanguage\":\"en-GB\",\"@id\":\"https:\/\/headwear.com.pl\/fr\/#\/schema\/logo\/image\/\",\"url\":\"https:\/\/headwear.com.pl\/wp-content\/uploads\/2024\/05\/Headwear_COLOR_RGB_logo.jpg\",\"contentUrl\":\"https:\/\/headwear.com.pl\/wp-content\/uploads\/2024\/05\/Headwear_COLOR_RGB_logo.jpg\",\"width\":1786,\"height\":1263,\"caption\":\"Headwear Professionals\"},\"image\":{\"@id\":\"https:\/\/headwear.com.pl\/fr\/#\/schema\/logo\/image\/\"},\"sameAs\":[\"https:\/\/www.facebook.com\/HeadwearPolska\",\"https:\/\/www.linkedin.com\/company\/headwearpolska\"]},{\"@type\":\"Person\",\"@id\":\"https:\/\/headwear.com.pl\/fr\/#\/schema\/person\/6871294ea681d14fa01a4bd1398cc4ac\",\"name\":\"Headwear Professionals\",\"image\":{\"@type\":\"ImageObject\",\"inLanguage\":\"en-GB\",\"@id\":\"https:\/\/headwear.com.pl\/fr\/#\/schema\/person\/image\/\",\"url\":\"https:\/\/secure.gravatar.com\/avatar\/f9e18019ef65c89d9bef13812dfdca7f?s=96&d=mm&r=g\",\"contentUrl\":\"https:\/\/secure.gravatar.com\/avatar\/f9e18019ef65c89d9bef13812dfdca7f?s=96&d=mm&r=g\",\"caption\":\"Headwear Professionals\"},\"url\":\"https:\/\/headwear.com.pl\/en\/author\/admin\/\"}]}<\/script>\n<!-- \/ Yoast SEO plugin. -->","yoast_head_json":{"title":"Nowo\u015b\u0107 - #3001 z wywini\u0119ciem - Headwear Professionals","description":"Nowo\u015b\u0107 w naszej ofercie czapek zimowych. Model #3001 z wywini\u0119ciem. Czapka wykonana z bawe\u0142ny oraz elastanu.","robots":{"index":"index","follow":"follow","max-snippet":"max-snippet:-1","max-image-preview":"max-image-preview:large","max-video-preview":"max-video-preview:-1"},"canonical":"https:\/\/headwear.com.pl\/en\/2021\/11\/30\/nowosc-3001-z-wywinieciem\/","og_locale":"en_GB","og_type":"article","og_title":"Nowo\u015b\u0107 - #3001 z wywini\u0119ciem - Headwear Professionals","og_description":"Nowo\u015b\u0107 w naszej ofercie czapek zimowych. Model #3001 z wywini\u0119ciem. Czapka wykonana z bawe\u0142ny oraz elastanu.","og_url":"https:\/\/headwear.com.pl\/en\/2021\/11\/30\/nowosc-3001-z-wywinieciem\/","og_site_name":"Headwear Professionals","article_publisher":"https:\/\/www.facebook.com\/HeadwearPolska","article_published_time":"2021-11-30T12:32:47+00:00","og_image":[{"width":1200,"height":791,"url":"https:\/\/headwear.com.pl\/wp-content\/uploads\/2021\/11\/3001_new_headwear_professionals.jpg","type":"image\/jpeg"}],"author":"Headwear Professionals","twitter_card":"summary_large_image","twitter_misc":{"Written by":"Headwear Professionals","Estimated reading time":"1 minute"},"schema":{"@context":"https:\/\/schema.org","@graph":[{"@type":"Article","@id":"https:\/\/headwear.com.pl\/2021\/11\/30\/nowosc-3001-z-wywinieciem\/#article","isPartOf":{"@id":"https:\/\/headwear.com.pl\/2021\/11\/30\/nowosc-3001-z-wywinieciem\/"},"author":{"name":"Headwear Professionals","@id":"https:\/\/headwear.com.pl\/fr\/#\/schema\/person\/6871294ea681d14fa01a4bd1398cc4ac"},"headline":"Nowo\u015b\u0107 &#8211; #3001 z wywini\u0119ciem","datePublished":"2021-11-30T12:32:47+00:00","dateModified":"2021-11-30T12:32:47+00:00","mainEntityOfPage":{"@id":"https:\/\/headwear.com.pl\/2021\/11\/30\/nowosc-3001-z-wywinieciem\/"},"wordCount":124,"commentCount":0,"publisher":{"@id":"https:\/\/headwear.com.pl\/fr\/#organization"},"image":{"@id":"https:\/\/headwear.com.pl\/2021\/11\/30\/nowosc-3001-z-wywinieciem\/#primaryimage"},"thumbnailUrl":"https:\/\/headwear.com.pl\/wp-content\/uploads\/2021\/11\/3001_new_headwear_professionals.jpg","articleSection":["Czapki zimowe"],"inLanguage":"en-GB","potentialAction":[{"@type":"CommentAction","name":"Comment","target":["https:\/\/headwear.com.pl\/2021\/11\/30\/nowosc-3001-z-wywinieciem\/#respond"]}]},{"@type":"WebPage","@id":"https:\/\/headwear.com.pl\/2021\/11\/30\/nowosc-3001-z-wywinieciem\/","url":"https:\/\/headwear.com.pl\/2021\/11\/30\/nowosc-3001-z-wywinieciem\/","name":"Nowo\u015b\u0107 - #3001 z wywini\u0119ciem - Headwear Professionals","isPartOf":{"@id":"https:\/\/headwear.com.pl\/fr\/#website"},"primaryImageOfPage":{"@id":"https:\/\/headwear.com.pl\/2021\/11\/30\/nowosc-3001-z-wywinieciem\/#primaryimage"},"image":{"@id":"https:\/\/headwear.com.pl\/2021\/11\/30\/nowosc-3001-z-wywinieciem\/#primaryimage"},"thumbnailUrl":"https:\/\/headwear.com.pl\/wp-content\/uploads\/2021\/11\/3001_new_headwear_professionals.jpg","datePublished":"2021-11-30T12:32:47+00:00","dateModified":"2021-11-30T12:32:47+00:00","description":"Nowo\u015b\u0107 w naszej ofercie czapek zimowych. Model #3001 z wywini\u0119ciem. Czapka wykonana z bawe\u0142ny oraz elastanu.","breadcrumb":{"@id":"https:\/\/headwear.com.pl\/2021\/11\/30\/nowosc-3001-z-wywinieciem\/#breadcrumb"},"inLanguage":"en-GB","potentialAction":[{"@type":"ReadAction","target":["https:\/\/headwear.com.pl\/2021\/11\/30\/nowosc-3001-z-wywinieciem\/"]}]},{"@type":"ImageObject","inLanguage":"en-GB","@id":"https:\/\/headwear.com.pl\/2021\/11\/30\/nowosc-3001-z-wywinieciem\/#primaryimage","url":"https:\/\/headwear.com.pl\/wp-content\/uploads\/2021\/11\/3001_new_headwear_professionals.jpg","contentUrl":"https:\/\/headwear.com.pl\/wp-content\/uploads\/2021\/11\/3001_new_headwear_professionals.jpg","width":1200,"height":791,"caption":"Nowo\u015b\u0107 - czapka zimowa 3001"},{"@type":"BreadcrumbList","@id":"https:\/\/headwear.com.pl\/2021\/11\/30\/nowosc-3001-z-wywinieciem\/#breadcrumb","itemListElement":[{"@type":"ListItem","position":1,"name":"Strona g\u0142\u00f3wna","item":"https:\/\/headwear.com.pl\/"},{"@type":"ListItem","position":2,"name":"Nowo\u015b\u0107 &#8211; #3001 z wywini\u0119ciem"}]},{"@type":"WebSite","@id":"https:\/\/headwear.com.pl\/fr\/#website","url":"https:\/\/headwear.com.pl\/fr\/","name":"Headwear Professionals","description":"We have been manufacturing advertising caps since 1974. We work only with advertising agencies","publisher":{"@id":"https:\/\/headwear.com.pl\/fr\/#organization"},"potentialAction":[{"@type":"SearchAction","target":{"@type":"EntryPoint","urlTemplate":"https:\/\/headwear.com.pl\/fr\/?s={search_term_string}"},"query-input":"required name=search_term_string"}],"inLanguage":"en-GB"},{"@type":"Organization","@id":"https:\/\/headwear.com.pl\/fr\/#organization","name":"Headwear Professionals","url":"https:\/\/headwear.com.pl\/fr\/","logo":{"@type":"ImageObject","inLanguage":"en-GB","@id":"https:\/\/headwear.com.pl\/fr\/#\/schema\/logo\/image\/","url":"https:\/\/headwear.com.pl\/wp-content\/uploads\/2024\/05\/Headwear_COLOR_RGB_logo.jpg","contentUrl":"https:\/\/headwear.com.pl\/wp-content\/uploads\/2024\/05\/Headwear_COLOR_RGB_logo.jpg","width":1786,"height":1263,"caption":"Headwear Professionals"},"image":{"@id":"https:\/\/headwear.com.pl\/fr\/#\/schema\/logo\/image\/"},"sameAs":["https:\/\/www.facebook.com\/HeadwearPolska","https:\/\/www.linkedin.com\/company\/headwearpolska"]},{"@type":"Person","@id":"https:\/\/headwear.com.pl\/fr\/#\/schema\/person\/6871294ea681d14fa01a4bd1398cc4ac","name":"Headwear Professionals","image":{"@type":"ImageObject","inLanguage":"en-GB","@id":"https:\/\/headwear.com.pl\/fr\/#\/schema\/person\/image\/","url":"https:\/\/secure.gravatar.com\/avatar\/f9e18019ef65c89d9bef13812dfdca7f?s=96&d=mm&r=g","contentUrl":"https:\/\/secure.gravatar.com\/avatar\/f9e18019ef65c89d9bef13812dfdca7f?s=96&d=mm&r=g","caption":"Headwear Professionals"},"url":"https:\/\/headwear.com.pl\/en\/author\/admin\/"}]}},"_links":{"self":[{"href":"https:\/\/headwear.com.pl\/en\/wp-json\/wp\/v2\/posts\/107243"}],"collection":[{"href":"https:\/\/headwear.com.pl\/en\/wp-json\/wp\/v2\/posts"}],"about":[{"href":"https:\/\/headwear.com.pl\/en\/wp-json\/wp\/v2\/types\/post"}],"author":[{"embeddable":true,"href":"https:\/\/headwear.com.pl\/en\/wp-json\/wp\/v2\/users\/1"}],"replies":[{"embeddable":true,"href":"https:\/\/headwear.com.pl\/en\/wp-json\/wp\/v2\/comments?post=107243"}],"version-history":[{"count":2,"href":"https:\/\/headwear.com.pl\/en\/wp-json\/wp\/v2\/posts\/107243\/revisions"}],"predecessor-version":[{"id":107250,"href":"https:\/\/headwear.com.pl\/en\/wp-json\/wp\/v2\/posts\/107243\/revisions\/107250"}],"wp:featuredmedia":[{"embeddable":true,"href":"https:\/\/headwear.com.pl\/en\/wp-json\/wp\/v2\/media\/107245"}],"wp:attachment":[{"href":"https:\/\/headwear.com.pl\/en\/wp-json\/wp\/v2\/media?parent=107243"}],"wp:term":[{"taxonomy":"category","embeddable":true,"href":"https:\/\/headwear.com.pl\/en\/wp-json\/wp\/v2\/categories?post=107243"},{"taxonomy":"post_tag","embeddable":true,"href":"https:\/\/headwear.com.pl\/en\/wp-json\/wp\/v2\/tags?post=107243"}],"curies":[{"name":"wp","href":"https:\/\/api.w.org\/{rel}","templated":true}]}}