{"id":109064,"date":"2024-05-13T10:58:57","date_gmt":"2024-05-13T08:58:57","guid":{"rendered":"https:\/\/headwear.com.pl\/?p=109064"},"modified":"2024-05-13T10:58:58","modified_gmt":"2024-05-13T08:58:58","slug":"nowosc-czapki-z-perforowanymi-bocznymi-panelami","status":"publish","type":"post","link":"https:\/\/headwear.com.pl\/en\/2024\/05\/13\/nowosc-czapki-z-perforowanymi-bocznymi-panelami\/","title":{"rendered":"Nowo\u015b\u0107 \u2013 czapki z perforowanymi bocznymi panelami"},"content":{"rendered":"<h2>Prezentujemy kolejne dwie nasze tegoroczne nowo\u015bci. Czapki reklamowe <a href=\"https:\/\/headwear.com.pl\/en\/products\/3975\/\" target=\"_blank\" rel=\"noopener\">#3975<\/a> and <a href=\"https:\/\/headwear.com.pl\/en\/products\/3976\/\" target=\"_blank\" rel=\"noopener\">#3976<\/a>, kt\u00f3rych g\u0142\u00f3wnym wyr\u00f3\u017cnikiem s\u0105 perforowane boczne panele.<\/h2>\n<p>G\u0142\u00f3wnym atutem tych produkt\u00f3w s\u0105 <strong>perforowane boczne panele<\/strong>, kt\u00f3re stanowi\u0105 innowacyjne rozwi\u0105zanie. Dzi\u0119ki nim modele te staj\u0105 si\u0119 doskona\u0142\u0105 alternatyw\u0105 pomi\u0119dzy tradycyjnymi czapkami z daszkiem a popularnymi truckerkami.<\/p>\n<p>Oba modele zosta\u0142y wykonane z wysokiej jako\u015bci, oddychaj\u0105cego materia\u0142u Poly Twill, co sprawia, \u017ce s\u0105 one nie tylko wygodne, ale tak\u017ce doskonale sprawdzaj\u0105 si\u0119 w cieplejsze dni, idealnie nadaj\u0105c si\u0119 na sezon wiosna-lato. Dodatkowo, dzi\u0119ki <strong>perforowanym panelom<\/strong>, zapewniaj\u0105 one doskona\u0142\u0105 wentylacj\u0119, co sprawia, \u017ce s\u0105 niezast\u0105pionym gad\u017cetem reklamowym podczas upalnych dni.<\/p>\n<div id=\"attachment_109067\" style=\"width: 810px\" class=\"wp-caption aligncenter\"><img loading=\"lazy\" decoding=\"async\" aria-describedby=\"caption-attachment-109067\" class=\"wp-image-109067 size-full\" src=\"https:\/\/headwear.com.pl\/wp-content\/uploads\/2024\/05\/OOH-baner-13.jpg\" alt=\"\" width=\"800\" height=\"400\" srcset=\"https:\/\/headwear.com.pl\/wp-content\/uploads\/2024\/05\/OOH-baner-13.jpg 800w, https:\/\/headwear.com.pl\/wp-content\/uploads\/2024\/05\/OOH-baner-13-300x150.jpg 300w, https:\/\/headwear.com.pl\/wp-content\/uploads\/2024\/05\/OOH-baner-13-768x384.jpg 768w, https:\/\/headwear.com.pl\/wp-content\/uploads\/2024\/05\/OOH-baner-13-18x9.jpg 18w, https:\/\/headwear.com.pl\/wp-content\/uploads\/2024\/05\/OOH-baner-13-84x42.jpg 84w, https:\/\/headwear.com.pl\/wp-content\/uploads\/2024\/05\/OOH-baner-13-200x100.jpg 200w, https:\/\/headwear.com.pl\/wp-content\/uploads\/2024\/05\/OOH-baner-13-450x225.jpg 450w, https:\/\/headwear.com.pl\/wp-content\/uploads\/2024\/05\/OOH-baner-13-360x180.jpg 360w\" sizes=\"(max-width: 800px) 100vw, 800px\" \/><p id=\"caption-attachment-109067\" class=\"wp-caption-text\">\u00a0<\/p><\/div>\n<p>Wsp\u00f3ln\u0105 cech\u0105 prezentowanych modeli s\u0105 perforowane boczne panele, ponadto obydwie czapki r\u00f3\u017cni\u0105 si\u0119 kilkoma istotnymi detalami takimi jak rodzaj zapi\u0119cia oraz ilo\u015b\u0107 paneli. Model #3975 posiada praktyczne zapi\u0119cie na rzep, podczas gdy model #3976 wyposa\u017cony jest w plastikowe zapi\u0119cie. Czapka #3975 jest modelem 6-panelowym, natomiast #3976 jest czapk\u0105 5-panelow\u0105.<\/p>\n<p>Warto podkre\u015bli\u0107, \u017ce model #3976 dzi\u0119ki swojej konstrukcji z pi\u0119cioma panelami i bezszwowym frontem jest doskona\u0142ym rozwi\u0105zaniem pod nadruki.<\/p>\n<p>Wprowadzaj\u0105c te innowacyjne modele do oferty, chcemy dostarczy\u0107 naszym klientom nie tylko wysokiej jako\u015bci produkt\u00f3w, ale tak\u017ce nowoczesnych rozwi\u0105za\u0144, kt\u00f3re b\u0119d\u0105 skutecznym gad\u017cetem reklamowym, szczeg\u00f3lnie w sezonie wiosenno-letnim.<\/p>\n<p>Wi\u0119cej informacji na stronie: <a href=\"https:\/\/headwear.com.pl\/en\/product-category-2\/new24\/\" target=\"_blank\" rel=\"noopener\">https:\/\/headwear.com.pl\/kategoria-produktu\/new24\/<\/a><\/p>","protected":false},"excerpt":{"rendered":"<p>Prezentujemy kolejne dwie nasze tegoroczne nowo\u015bci. Czapki reklamowe #3975 oraz #3976, kt\u00f3rych g\u0142\u00f3wnym wyr\u00f3\u017cnikiem s\u0105 perforowane boczne panele. G\u0142\u00f3wnym atutem tych produkt\u00f3w s\u0105 perforowane boczne panele, kt\u00f3re stanowi\u0105 innowacyjne rozwi\u0105zanie. Dzi\u0119ki nim modele te staj\u0105 si\u0119 doskona\u0142\u0105 alternatyw\u0105 pomi\u0119dzy tradycyjnymi czapkami z daszkiem a popularnymi truckerkami. Oba modele zosta\u0142y wykonane z wysokiej jako\u015bci, oddychaj\u0105cego materia\u0142u Poly Twill, co sprawia, \u017ce s\u0105 one nie tylko wygodne, ale tak\u017ce doskonale sprawdzaj\u0105 si\u0119 w cieplejsze dni, idealnie nadaj\u0105c si\u0119 na sezon wiosna-lato. Dodatkowo, dzi\u0119ki perforowanym panelom, zapewniaj\u0105 one doskona\u0142\u0105 wentylacj\u0119, co sprawia, \u017ce s\u0105 niezast\u0105pionym gad\u017cetem reklamowym podczas upalnych dni. Wsp\u00f3ln\u0105 cech\u0105 prezentowanych modeli s\u0105 perforowane boczne panele, ponadto obydwie czapki r\u00f3\u017cni\u0105 si\u0119 kilkoma istotnymi detalami takimi jak rodzaj zapi\u0119cia oraz ilo\u015b\u0107 paneli. Model #3975 posiada praktyczne zapi\u0119cie na rzep, podczas gdy model #3976 wyposa\u017cony jest w plastikowe zapi\u0119cie. Czapka #3975 jest modelem 6-panelowym, natomiast #3976 jest czapk\u0105 5-panelow\u0105. Warto podkre\u015bli\u0107, \u017ce model #3976 dzi\u0119ki swojej konstrukcji z pi\u0119cioma panelami i bezszwowym frontem jest doskona\u0142ym rozwi\u0105zaniem pod nadruki. Wprowadzaj\u0105c te innowacyjne modele do oferty, chcemy dostarczy\u0107 naszym klientom nie tylko wysokiej jako\u015bci produkt\u00f3w, ale tak\u017ce nowoczesnych rozwi\u0105za\u0144, kt\u00f3re b\u0119d\u0105 skutecznym gad\u017cetem reklamowym, szczeg\u00f3lnie w sezonie wiosenno-letnim. Wi\u0119cej informacji na stronie: https:\/\/headwear.com.pl\/kategoria-produktu\/new24\/<\/p>","protected":false},"author":1,"featured_media":109065,"comment_status":"open","ping_status":"open","sticky":false,"template":"","format":"standard","meta":{"footnotes":""},"categories":[114,115,383],"tags":[],"yoast_head":"<!-- This site is optimized with the Yoast SEO plugin v22.7 - https:\/\/yoast.com\/wordpress\/plugins\/seo\/ -->\n<title>Nowo\u015b\u0107 - czapki z perforowanymi bocznymi panelami - Headwear Professionals<\/title>\n<meta name=\"description\" content=\"G\u0142\u00f3wnym atutem tych produkt\u00f3w s\u0105 perforowane boczne panele, kt\u00f3re stanowi\u0105 innowacyjne rozwi\u0105zanie. Dzi\u0119ki nim modele te staj\u0105 si\u0119 doskona\u0142\u0105 alternatyw\u0105 pomi\u0119dzy tradycyjnymi czapkami z daszkiem a popularnymi truckerkami.\" \/>\n<meta name=\"robots\" content=\"index, follow, max-snippet:-1, max-image-preview:large, max-video-preview:-1\" \/>\n<link rel=\"canonical\" href=\"https:\/\/headwear.com.pl\/en\/2024\/05\/13\/nowosc-czapki-z-perforowanymi-bocznymi-panelami\/\" \/>\n<meta property=\"og:locale\" content=\"en_GB\" \/>\n<meta property=\"og:type\" content=\"article\" \/>\n<meta property=\"og:title\" content=\"Nowo\u015b\u0107 - czapki z perforowanymi bocznymi panelami - Headwear Professionals\" \/>\n<meta property=\"og:description\" content=\"G\u0142\u00f3wnym atutem tych produkt\u00f3w s\u0105 perforowane boczne panele, kt\u00f3re stanowi\u0105 innowacyjne rozwi\u0105zanie. Dzi\u0119ki nim modele te staj\u0105 si\u0119 doskona\u0142\u0105 alternatyw\u0105 pomi\u0119dzy tradycyjnymi czapkami z daszkiem a popularnymi truckerkami.\" \/>\n<meta property=\"og:url\" content=\"https:\/\/headwear.com.pl\/en\/2024\/05\/13\/nowosc-czapki-z-perforowanymi-bocznymi-panelami\/\" \/>\n<meta property=\"og:site_name\" content=\"Headwear Professionals\" \/>\n<meta property=\"article:publisher\" content=\"https:\/\/www.facebook.com\/HeadwearPolska\" \/>\n<meta property=\"article:published_time\" content=\"2024-05-13T08:58:57+00:00\" \/>\n<meta property=\"article:modified_time\" content=\"2024-05-13T08:58:58+00:00\" \/>\n<meta property=\"og:image\" content=\"https:\/\/headwear.com.pl\/wp-content\/uploads\/2024\/05\/3976-blog.jpg\" \/>\n\t<meta property=\"og:image:width\" content=\"1200\" \/>\n\t<meta property=\"og:image:height\" content=\"790\" \/>\n\t<meta property=\"og:image:type\" content=\"image\/jpeg\" \/>\n<meta name=\"author\" content=\"Headwear Professionals\" \/>\n<meta name=\"twitter:card\" content=\"summary_large_image\" \/>\n<meta name=\"twitter:label1\" content=\"Written by\" \/>\n\t<meta name=\"twitter:data1\" content=\"Headwear Professionals\" \/>\n\t<meta name=\"twitter:label2\" content=\"Estimated reading time\" \/>\n\t<meta name=\"twitter:data2\" content=\"2 minutes\" \/>\n<script type=\"application\/ld+json\" class=\"yoast-schema-graph\">{\"@context\":\"https:\/\/schema.org\",\"@graph\":[{\"@type\":\"Article\",\"@id\":\"https:\/\/headwear.com.pl\/2024\/05\/13\/nowosc-czapki-z-perforowanymi-bocznymi-panelami\/#article\",\"isPartOf\":{\"@id\":\"https:\/\/headwear.com.pl\/2024\/05\/13\/nowosc-czapki-z-perforowanymi-bocznymi-panelami\/\"},\"author\":{\"name\":\"Headwear Professionals\",\"@id\":\"https:\/\/headwear.com.pl\/fr\/#\/schema\/person\/6871294ea681d14fa01a4bd1398cc4ac\"},\"headline\":\"Nowo\u015b\u0107 &#8211; czapki z perforowanymi bocznymi panelami\",\"datePublished\":\"2024-05-13T08:58:57+00:00\",\"dateModified\":\"2024-05-13T08:58:58+00:00\",\"mainEntityOfPage\":{\"@id\":\"https:\/\/headwear.com.pl\/2024\/05\/13\/nowosc-czapki-z-perforowanymi-bocznymi-panelami\/\"},\"wordCount\":250,\"commentCount\":0,\"publisher\":{\"@id\":\"https:\/\/headwear.com.pl\/fr\/#organization\"},\"image\":{\"@id\":\"https:\/\/headwear.com.pl\/2024\/05\/13\/nowosc-czapki-z-perforowanymi-bocznymi-panelami\/#primaryimage\"},\"thumbnailUrl\":\"https:\/\/headwear.com.pl\/wp-content\/uploads\/2024\/05\/3976-blog.jpg\",\"articleSection\":[\"Czapki reklamowe\",\"Czapki z daszkiem\",\"Czapki z logo\"],\"inLanguage\":\"en-GB\",\"potentialAction\":[{\"@type\":\"CommentAction\",\"name\":\"Comment\",\"target\":[\"https:\/\/headwear.com.pl\/2024\/05\/13\/nowosc-czapki-z-perforowanymi-bocznymi-panelami\/#respond\"]}]},{\"@type\":\"WebPage\",\"@id\":\"https:\/\/headwear.com.pl\/2024\/05\/13\/nowosc-czapki-z-perforowanymi-bocznymi-panelami\/\",\"url\":\"https:\/\/headwear.com.pl\/2024\/05\/13\/nowosc-czapki-z-perforowanymi-bocznymi-panelami\/\",\"name\":\"Nowo\u015b\u0107 - czapki z perforowanymi bocznymi panelami - Headwear Professionals\",\"isPartOf\":{\"@id\":\"https:\/\/headwear.com.pl\/fr\/#website\"},\"primaryImageOfPage\":{\"@id\":\"https:\/\/headwear.com.pl\/2024\/05\/13\/nowosc-czapki-z-perforowanymi-bocznymi-panelami\/#primaryimage\"},\"image\":{\"@id\":\"https:\/\/headwear.com.pl\/2024\/05\/13\/nowosc-czapki-z-perforowanymi-bocznymi-panelami\/#primaryimage\"},\"thumbnailUrl\":\"https:\/\/headwear.com.pl\/wp-content\/uploads\/2024\/05\/3976-blog.jpg\",\"datePublished\":\"2024-05-13T08:58:57+00:00\",\"dateModified\":\"2024-05-13T08:58:58+00:00\",\"description\":\"G\u0142\u00f3wnym atutem tych produkt\u00f3w s\u0105 perforowane boczne panele, kt\u00f3re stanowi\u0105 innowacyjne rozwi\u0105zanie. Dzi\u0119ki nim modele te staj\u0105 si\u0119 doskona\u0142\u0105 alternatyw\u0105 pomi\u0119dzy tradycyjnymi czapkami z daszkiem a popularnymi truckerkami.\",\"breadcrumb\":{\"@id\":\"https:\/\/headwear.com.pl\/2024\/05\/13\/nowosc-czapki-z-perforowanymi-bocznymi-panelami\/#breadcrumb\"},\"inLanguage\":\"en-GB\",\"potentialAction\":[{\"@type\":\"ReadAction\",\"target\":[\"https:\/\/headwear.com.pl\/2024\/05\/13\/nowosc-czapki-z-perforowanymi-bocznymi-panelami\/\"]}]},{\"@type\":\"ImageObject\",\"inLanguage\":\"en-GB\",\"@id\":\"https:\/\/headwear.com.pl\/2024\/05\/13\/nowosc-czapki-z-perforowanymi-bocznymi-panelami\/#primaryimage\",\"url\":\"https:\/\/headwear.com.pl\/wp-content\/uploads\/2024\/05\/3976-blog.jpg\",\"contentUrl\":\"https:\/\/headwear.com.pl\/wp-content\/uploads\/2024\/05\/3976-blog.jpg\",\"width\":1200,\"height\":790},{\"@type\":\"BreadcrumbList\",\"@id\":\"https:\/\/headwear.com.pl\/2024\/05\/13\/nowosc-czapki-z-perforowanymi-bocznymi-panelami\/#breadcrumb\",\"itemListElement\":[{\"@type\":\"ListItem\",\"position\":1,\"name\":\"Strona g\u0142\u00f3wna\",\"item\":\"https:\/\/headwear.com.pl\/\"},{\"@type\":\"ListItem\",\"position\":2,\"name\":\"Nowo\u015b\u0107 &#8211; czapki z perforowanymi bocznymi panelami\"}]},{\"@type\":\"WebSite\",\"@id\":\"https:\/\/headwear.com.pl\/fr\/#website\",\"url\":\"https:\/\/headwear.com.pl\/fr\/\",\"name\":\"Headwear Professionals\",\"description\":\"Produkcj\u0105 czapek reklamowych zajmujemy si\u0119 od 1974 roku. Pracujemy tylko z agencjami reklamowymi\",\"publisher\":{\"@id\":\"https:\/\/headwear.com.pl\/fr\/#organization\"},\"potentialAction\":[{\"@type\":\"SearchAction\",\"target\":{\"@type\":\"EntryPoint\",\"urlTemplate\":\"https:\/\/headwear.com.pl\/fr\/?s={search_term_string}\"},\"query-input\":\"required name=search_term_string\"}],\"inLanguage\":\"en-GB\"},{\"@type\":\"Organization\",\"@id\":\"https:\/\/headwear.com.pl\/fr\/#organization\",\"name\":\"Headwear Professionals\",\"url\":\"https:\/\/headwear.com.pl\/fr\/\",\"logo\":{\"@type\":\"ImageObject\",\"inLanguage\":\"en-GB\",\"@id\":\"https:\/\/headwear.com.pl\/fr\/#\/schema\/logo\/image\/\",\"url\":\"https:\/\/headwear.com.pl\/wp-content\/uploads\/2024\/05\/Headwear_COLOR_RGB_logo.jpg\",\"contentUrl\":\"https:\/\/headwear.com.pl\/wp-content\/uploads\/2024\/05\/Headwear_COLOR_RGB_logo.jpg\",\"width\":1786,\"height\":1263,\"caption\":\"Headwear Professionals\"},\"image\":{\"@id\":\"https:\/\/headwear.com.pl\/fr\/#\/schema\/logo\/image\/\"},\"sameAs\":[\"https:\/\/www.facebook.com\/HeadwearPolska\",\"https:\/\/www.linkedin.com\/company\/headwearpolska\"]},{\"@type\":\"Person\",\"@id\":\"https:\/\/headwear.com.pl\/fr\/#\/schema\/person\/6871294ea681d14fa01a4bd1398cc4ac\",\"name\":\"Headwear Professionals\",\"image\":{\"@type\":\"ImageObject\",\"inLanguage\":\"en-GB\",\"@id\":\"https:\/\/headwear.com.pl\/fr\/#\/schema\/person\/image\/\",\"url\":\"https:\/\/secure.gravatar.com\/avatar\/f9e18019ef65c89d9bef13812dfdca7f?s=96&d=mm&r=g\",\"contentUrl\":\"https:\/\/secure.gravatar.com\/avatar\/f9e18019ef65c89d9bef13812dfdca7f?s=96&d=mm&r=g\",\"caption\":\"Headwear Professionals\"},\"url\":\"https:\/\/headwear.com.pl\/en\/author\/admin\/\"}]}<\/script>\n<!-- \/ Yoast SEO plugin. -->","yoast_head_json":{"title":"Nowo\u015b\u0107 - czapki z perforowanymi bocznymi panelami - Headwear Professionals","description":"G\u0142\u00f3wnym atutem tych produkt\u00f3w s\u0105 perforowane boczne panele, kt\u00f3re stanowi\u0105 innowacyjne rozwi\u0105zanie. Dzi\u0119ki nim modele te staj\u0105 si\u0119 doskona\u0142\u0105 alternatyw\u0105 pomi\u0119dzy tradycyjnymi czapkami z daszkiem a popularnymi truckerkami.","robots":{"index":"index","follow":"follow","max-snippet":"max-snippet:-1","max-image-preview":"max-image-preview:large","max-video-preview":"max-video-preview:-1"},"canonical":"https:\/\/headwear.com.pl\/en\/2024\/05\/13\/nowosc-czapki-z-perforowanymi-bocznymi-panelami\/","og_locale":"en_GB","og_type":"article","og_title":"Nowo\u015b\u0107 - czapki z perforowanymi bocznymi panelami - Headwear Professionals","og_description":"G\u0142\u00f3wnym atutem tych produkt\u00f3w s\u0105 perforowane boczne panele, kt\u00f3re stanowi\u0105 innowacyjne rozwi\u0105zanie. Dzi\u0119ki nim modele te staj\u0105 si\u0119 doskona\u0142\u0105 alternatyw\u0105 pomi\u0119dzy tradycyjnymi czapkami z daszkiem a popularnymi truckerkami.","og_url":"https:\/\/headwear.com.pl\/en\/2024\/05\/13\/nowosc-czapki-z-perforowanymi-bocznymi-panelami\/","og_site_name":"Headwear Professionals","article_publisher":"https:\/\/www.facebook.com\/HeadwearPolska","article_published_time":"2024-05-13T08:58:57+00:00","article_modified_time":"2024-05-13T08:58:58+00:00","og_image":[{"width":1200,"height":790,"url":"https:\/\/headwear.com.pl\/wp-content\/uploads\/2024\/05\/3976-blog.jpg","type":"image\/jpeg"}],"author":"Headwear Professionals","twitter_card":"summary_large_image","twitter_misc":{"Written by":"Headwear Professionals","Estimated reading time":"2 minutes"},"schema":{"@context":"https:\/\/schema.org","@graph":[{"@type":"Article","@id":"https:\/\/headwear.com.pl\/2024\/05\/13\/nowosc-czapki-z-perforowanymi-bocznymi-panelami\/#article","isPartOf":{"@id":"https:\/\/headwear.com.pl\/2024\/05\/13\/nowosc-czapki-z-perforowanymi-bocznymi-panelami\/"},"author":{"name":"Headwear Professionals","@id":"https:\/\/headwear.com.pl\/fr\/#\/schema\/person\/6871294ea681d14fa01a4bd1398cc4ac"},"headline":"Nowo\u015b\u0107 &#8211; czapki z perforowanymi bocznymi panelami","datePublished":"2024-05-13T08:58:57+00:00","dateModified":"2024-05-13T08:58:58+00:00","mainEntityOfPage":{"@id":"https:\/\/headwear.com.pl\/2024\/05\/13\/nowosc-czapki-z-perforowanymi-bocznymi-panelami\/"},"wordCount":250,"commentCount":0,"publisher":{"@id":"https:\/\/headwear.com.pl\/fr\/#organization"},"image":{"@id":"https:\/\/headwear.com.pl\/2024\/05\/13\/nowosc-czapki-z-perforowanymi-bocznymi-panelami\/#primaryimage"},"thumbnailUrl":"https:\/\/headwear.com.pl\/wp-content\/uploads\/2024\/05\/3976-blog.jpg","articleSection":["Czapki reklamowe","Czapki z daszkiem","Czapki z logo"],"inLanguage":"en-GB","potentialAction":[{"@type":"CommentAction","name":"Comment","target":["https:\/\/headwear.com.pl\/2024\/05\/13\/nowosc-czapki-z-perforowanymi-bocznymi-panelami\/#respond"]}]},{"@type":"WebPage","@id":"https:\/\/headwear.com.pl\/2024\/05\/13\/nowosc-czapki-z-perforowanymi-bocznymi-panelami\/","url":"https:\/\/headwear.com.pl\/2024\/05\/13\/nowosc-czapki-z-perforowanymi-bocznymi-panelami\/","name":"Nowo\u015b\u0107 - czapki z perforowanymi bocznymi panelami - Headwear Professionals","isPartOf":{"@id":"https:\/\/headwear.com.pl\/fr\/#website"},"primaryImageOfPage":{"@id":"https:\/\/headwear.com.pl\/2024\/05\/13\/nowosc-czapki-z-perforowanymi-bocznymi-panelami\/#primaryimage"},"image":{"@id":"https:\/\/headwear.com.pl\/2024\/05\/13\/nowosc-czapki-z-perforowanymi-bocznymi-panelami\/#primaryimage"},"thumbnailUrl":"https:\/\/headwear.com.pl\/wp-content\/uploads\/2024\/05\/3976-blog.jpg","datePublished":"2024-05-13T08:58:57+00:00","dateModified":"2024-05-13T08:58:58+00:00","description":"G\u0142\u00f3wnym atutem tych produkt\u00f3w s\u0105 perforowane boczne panele, kt\u00f3re stanowi\u0105 innowacyjne rozwi\u0105zanie. Dzi\u0119ki nim modele te staj\u0105 si\u0119 doskona\u0142\u0105 alternatyw\u0105 pomi\u0119dzy tradycyjnymi czapkami z daszkiem a popularnymi truckerkami.","breadcrumb":{"@id":"https:\/\/headwear.com.pl\/2024\/05\/13\/nowosc-czapki-z-perforowanymi-bocznymi-panelami\/#breadcrumb"},"inLanguage":"en-GB","potentialAction":[{"@type":"ReadAction","target":["https:\/\/headwear.com.pl\/2024\/05\/13\/nowosc-czapki-z-perforowanymi-bocznymi-panelami\/"]}]},{"@type":"ImageObject","inLanguage":"en-GB","@id":"https:\/\/headwear.com.pl\/2024\/05\/13\/nowosc-czapki-z-perforowanymi-bocznymi-panelami\/#primaryimage","url":"https:\/\/headwear.com.pl\/wp-content\/uploads\/2024\/05\/3976-blog.jpg","contentUrl":"https:\/\/headwear.com.pl\/wp-content\/uploads\/2024\/05\/3976-blog.jpg","width":1200,"height":790},{"@type":"BreadcrumbList","@id":"https:\/\/headwear.com.pl\/2024\/05\/13\/nowosc-czapki-z-perforowanymi-bocznymi-panelami\/#breadcrumb","itemListElement":[{"@type":"ListItem","position":1,"name":"Strona g\u0142\u00f3wna","item":"https:\/\/headwear.com.pl\/"},{"@type":"ListItem","position":2,"name":"Nowo\u015b\u0107 &#8211; czapki z perforowanymi bocznymi panelami"}]},{"@type":"WebSite","@id":"https:\/\/headwear.com.pl\/fr\/#website","url":"https:\/\/headwear.com.pl\/fr\/","name":"Headwear Professionals","description":"We have been manufacturing advertising caps since 1974. We work only with advertising agencies","publisher":{"@id":"https:\/\/headwear.com.pl\/fr\/#organization"},"potentialAction":[{"@type":"SearchAction","target":{"@type":"EntryPoint","urlTemplate":"https:\/\/headwear.com.pl\/fr\/?s={search_term_string}"},"query-input":"required name=search_term_string"}],"inLanguage":"en-GB"},{"@type":"Organization","@id":"https:\/\/headwear.com.pl\/fr\/#organization","name":"Headwear Professionals","url":"https:\/\/headwear.com.pl\/fr\/","logo":{"@type":"ImageObject","inLanguage":"en-GB","@id":"https:\/\/headwear.com.pl\/fr\/#\/schema\/logo\/image\/","url":"https:\/\/headwear.com.pl\/wp-content\/uploads\/2024\/05\/Headwear_COLOR_RGB_logo.jpg","contentUrl":"https:\/\/headwear.com.pl\/wp-content\/uploads\/2024\/05\/Headwear_COLOR_RGB_logo.jpg","width":1786,"height":1263,"caption":"Headwear Professionals"},"image":{"@id":"https:\/\/headwear.com.pl\/fr\/#\/schema\/logo\/image\/"},"sameAs":["https:\/\/www.facebook.com\/HeadwearPolska","https:\/\/www.linkedin.com\/company\/headwearpolska"]},{"@type":"Person","@id":"https:\/\/headwear.com.pl\/fr\/#\/schema\/person\/6871294ea681d14fa01a4bd1398cc4ac","name":"Headwear Professionals","image":{"@type":"ImageObject","inLanguage":"en-GB","@id":"https:\/\/headwear.com.pl\/fr\/#\/schema\/person\/image\/","url":"https:\/\/secure.gravatar.com\/avatar\/f9e18019ef65c89d9bef13812dfdca7f?s=96&d=mm&r=g","contentUrl":"https:\/\/secure.gravatar.com\/avatar\/f9e18019ef65c89d9bef13812dfdca7f?s=96&d=mm&r=g","caption":"Headwear Professionals"},"url":"https:\/\/headwear.com.pl\/en\/author\/admin\/"}]}},"_links":{"self":[{"href":"https:\/\/headwear.com.pl\/en\/wp-json\/wp\/v2\/posts\/109064"}],"collection":[{"href":"https:\/\/headwear.com.pl\/en\/wp-json\/wp\/v2\/posts"}],"about":[{"href":"https:\/\/headwear.com.pl\/en\/wp-json\/wp\/v2\/types\/post"}],"author":[{"embeddable":true,"href":"https:\/\/headwear.com.pl\/en\/wp-json\/wp\/v2\/users\/1"}],"replies":[{"embeddable":true,"href":"https:\/\/headwear.com.pl\/en\/wp-json\/wp\/v2\/comments?post=109064"}],"version-history":[{"count":2,"href":"https:\/\/headwear.com.pl\/en\/wp-json\/wp\/v2\/posts\/109064\/revisions"}],"predecessor-version":[{"id":109068,"href":"https:\/\/headwear.com.pl\/en\/wp-json\/wp\/v2\/posts\/109064\/revisions\/109068"}],"wp:featuredmedia":[{"embeddable":true,"href":"https:\/\/headwear.com.pl\/en\/wp-json\/wp\/v2\/media\/109065"}],"wp:attachment":[{"href":"https:\/\/headwear.com.pl\/en\/wp-json\/wp\/v2\/media?parent=109064"}],"wp:term":[{"taxonomy":"category","embeddable":true,"href":"https:\/\/headwear.com.pl\/en\/wp-json\/wp\/v2\/categories?post=109064"},{"taxonomy":"post_tag","embeddable":true,"href":"https:\/\/headwear.com.pl\/en\/wp-json\/wp\/v2\/tags?post=109064"}],"curies":[{"name":"wp","href":"https:\/\/api.w.org\/{rel}","templated":true}]}}