{"id":99429,"date":"2020-12-18T07:51:24","date_gmt":"2020-12-18T06:51:24","guid":{"rendered":"https:\/\/headwear.com.pl\/?p=99429"},"modified":"2020-12-18T07:57:36","modified_gmt":"2020-12-18T06:57:36","slug":"podsumowanie-roku-2020-headwear-professionals","status":"publish","type":"post","link":"https:\/\/headwear.com.pl\/en\/2020\/12\/18\/podsumowanie-roku-2020-headwear-professionals\/","title":{"rendered":"Podsumowanie roku 2020 \u2013 Headwear Professionals"},"content":{"rendered":"<h2><strong>Micha\u0142 Matwiejczyk, National Sales Manager at Headwear Professionals, discusses what 2020 was like for Headwear Professionals, the changes in the company brought about by the pandemic, but also the changes in the product portfolio related to the challenges of the current situation and the future.\u00a0<\/strong><\/h2>\n<h3><strong>For Headwear Professionals, 2020 is a year of...<\/strong><\/h3>\n<p>Despite the whole COVID situation, it was a good year for us. Paradoxically, the pandemic contributed to this. From one day to the next, the economy practically came to a standstill, and the event and advertising industries were halted, which caused a sharp decline in the demand for gadgets and promotional gifts. On the other hand, there was a huge demand for personal protective equipment, including protective masks. Thanks to the specific nature of our production and the technology we possess, we were able to quickly switch from producing promotional caps to protective masks. As time passed and people became accustomed to the new reality, masks, in addition to their protective function, also became an advertising gadget of the \u201enew era\u201d. Our quick adaptation to new needs allows us to conclude that it was a good year for us.<\/p>\n<h3><strong>The biggest challenge for the company this year?<\/strong><\/h3>\n<p>The biggest challenge this year, as it was for most companies, was adapting to the new economic and social reality. We had to quickly learn to operate and plan in a state of great uncertainty about the future. None of us knew how the pandemic would develop, or how new restrictions on the economy and business would be introduced. Planning production and sales was a major challenge \u2013 there was a shortage of many raw materials, customers demanded delivery \u201eyesterday\u201d, and the market quickly became saturated with cheap products of dubious quality. Fortunately for us, we came out of this situation unscathed.<\/p>\n<h3><strong>The most important campaign?<\/strong><\/h3>\n<p>Perhaps not a campaign, but a specific action. This year, we decided to focus on building marketing structures that had not yet been formalised in our company. We concentrated heavily on researching the needs of domestic and foreign customers. The result of these activities is the creation of a new website, which will be launched in the coming days. We have also developed a training and education plan, in which we will focus on providing our customers with knowledge and tools that will help them sell our products even better.<\/p>\n<h3><strong>What new promotional items\/advertising textiles have been added to your portfolio?<\/strong><\/h3>\n<p>This year, our new products have been necessitated by the pandemic situation. We have introduced various types of protective masks (including cotton and non-woven, single-layer and multi-layer with Oeko Tex certificates). Thanks to our machine park, we were also able to brand these masks. In addition, we have introduced multifunctional scarves that can be printed on the entire surface of the fabric. Of course, we are still focusing on introducing new models of promotional caps, but that may be a topic for next year.<\/p>\n<h3><strong>2021 \u2013 Your plans\/challenges\/goals?<\/strong><\/h3>\n<p>To be even closer to the customer and their needs. To focus on building long-term relationships. As I mentioned earlier, we are now strongly focused on marketing activities and training and educational support for our customers. Operating in a state of uncertainty about the future remains a major challenge. It is difficult to plan trade fair appearances at the moment, as we can see that many events are being cancelled or postponed. The challenge for all of us is to adapt to functioning in a new social and economic reality.<\/p>\n<h3><strong>The future of corporate gifts in 2021?<\/strong><\/h3>\n<p>Currently, predicting the future is like reading tea leaves. One thing is certain \u2013 a new type of promotional gadget has appeared on the market. Various types of personal protective equipment have become popular gifts. It can be said that printed face masks are now standard, and every agency has such a product in its offer. However, there are several trends that are set to gain popularity. Many companies are now working remotely, with employees working from home \u2013 this is where I see a future for many gadgets that support working from home. ECO-friendly gadgets are also still a strong trend. We currently offer ECO products \u2013 e.g. a biodegradable cap. I wish myself and all companies in the industry a calmer future \u2013 in terms of everything related to COVID \u2013 and a dynamic future \u2013 in terms of the promotional gadget market and the needs that arise in it.<\/p>\n<p style=\"text-align: center;\">\u2014\u2014\u2014\u2014\u2014\u2014\u2014\u2014\u2014\u2014\u2014\u2014\u2014\u2014\u2014\u2014\u2014\u2014\u2014\u2014\u2014\u2013<\/p>\n<p><strong>Michael Matwiejczyk <\/strong><\/p>\n<p>National Sales Manager at Headwear Professionals. For seven years, he has been very successful in developing sales of promotional caps in Poland and Eastern Europe. Embroidery and various fabric marking techniques hold no secrets for him. Privately, he is a great enthusiast of cycling and all outdoor activities.<\/p>\n<p><em>Interview given to <a href=\"https:\/\/oohmagazine.pl\/17495,podsumowanie-2020-okiem-firmy-headwear-professionals.html\" target=\"_blank\" rel=\"noopener noreferrer\">OOH Magazine<\/a><\/em><\/p>","protected":false},"excerpt":{"rendered":"<p>About what 2020 was like for Headwear Professionals, the changes in the company brought about by the pandemic, but also the changes in the product portfolio related to the challenges of the current situation and the future.<\/p>","protected":false},"author":1,"featured_media":99431,"comment_status":"open","ping_status":"open","sticky":false,"template":"","format":"standard","meta":{"footnotes":""},"categories":[139],"tags":[140,141,142],"yoast_head":"<!-- This site is optimized with the Yoast SEO plugin v22.7 - https:\/\/yoast.com\/wordpress\/plugins\/seo\/ -->\n<title>Podsumowanie roku 2020 - Headwear Professionals - Headwear Professionals<\/title>\n<meta name=\"description\" content=\"O tym, jakim rokiem by\u0142 2020 dla Headwear Professionals, zmianach w firmie, kt\u00f3re wymusi\u0142a pandemia, ale i zmianach w portfolio produktowym zwi\u0105zanym z wyzwaniami bie\u017c\u0105cej sytuacji oraz o przysz\u0142o\u015bci\" \/>\n<meta name=\"robots\" content=\"index, follow, max-snippet:-1, max-image-preview:large, max-video-preview:-1\" \/>\n<link rel=\"canonical\" href=\"https:\/\/headwear.com.pl\/en\/2020\/12\/18\/podsumowanie-roku-2020-headwear-professionals\/\" \/>\n<meta property=\"og:locale\" content=\"en_GB\" \/>\n<meta property=\"og:type\" content=\"article\" \/>\n<meta property=\"og:title\" content=\"Podsumowanie roku 2020 - Headwear Professionals (wywiad dla OOH Magazine)\" \/>\n<meta property=\"og:description\" content=\"O tym, jakim rokiem by\u0142 2020 dla Headwear Professionals, zmianach w firmie, kt\u00f3re wymusi\u0142a pandemia, ale i zmianach w portfolio produktowym zwi\u0105zanym z wyzwaniami bie\u017c\u0105cej sytuacji oraz o przysz\u0142o\u015bci\" \/>\n<meta property=\"og:url\" content=\"https:\/\/headwear.com.pl\/en\/2020\/12\/18\/podsumowanie-roku-2020-headwear-professionals\/\" \/>\n<meta property=\"og:site_name\" content=\"Headwear Professionals\" \/>\n<meta property=\"article:publisher\" content=\"https:\/\/www.facebook.com\/HeadwearPolska\" \/>\n<meta property=\"article:published_time\" content=\"2020-12-18T06:51:24+00:00\" \/>\n<meta property=\"article:modified_time\" content=\"2020-12-18T06:57:36+00:00\" \/>\n<meta property=\"og:image\" content=\"https:\/\/headwear.com.pl\/wp-content\/uploads\/2020\/12\/podsumowanie_roku_headwear.jpg\" \/>\n\t<meta property=\"og:image:width\" content=\"1200\" \/>\n\t<meta property=\"og:image:height\" content=\"790\" \/>\n\t<meta property=\"og:image:type\" content=\"image\/jpeg\" \/>\n<meta name=\"author\" content=\"Headwear Professionals\" \/>\n<meta name=\"twitter:card\" content=\"summary_large_image\" \/>\n<meta name=\"twitter:label1\" content=\"Written by\" \/>\n\t<meta name=\"twitter:data1\" content=\"Headwear Professionals\" \/>\n\t<meta name=\"twitter:label2\" content=\"Estimated reading time\" \/>\n\t<meta name=\"twitter:data2\" content=\"4 minutes\" \/>\n<script type=\"application\/ld+json\" class=\"yoast-schema-graph\">{\"@context\":\"https:\/\/schema.org\",\"@graph\":[{\"@type\":\"Article\",\"@id\":\"https:\/\/headwear.com.pl\/de\/2020\/12\/18\/podsumowanie-roku-2020-headwear-professionals\/#article\",\"isPartOf\":{\"@id\":\"https:\/\/headwear.com.pl\/de\/2020\/12\/18\/podsumowanie-roku-2020-headwear-professionals\/\"},\"author\":{\"name\":\"Headwear Professionals\",\"@id\":\"https:\/\/headwear.com.pl\/fr\/#\/schema\/person\/6871294ea681d14fa01a4bd1398cc4ac\"},\"headline\":\"Podsumowanie roku 2020 &#8211; Headwear Professionals\",\"datePublished\":\"2020-12-18T06:51:24+00:00\",\"dateModified\":\"2020-12-18T06:57:36+00:00\",\"mainEntityOfPage\":{\"@id\":\"https:\/\/headwear.com.pl\/de\/2020\/12\/18\/podsumowanie-roku-2020-headwear-professionals\/\"},\"wordCount\":840,\"commentCount\":0,\"publisher\":{\"@id\":\"https:\/\/headwear.com.pl\/fr\/#organization\"},\"image\":{\"@id\":\"https:\/\/headwear.com.pl\/de\/2020\/12\/18\/podsumowanie-roku-2020-headwear-professionals\/#primaryimage\"},\"thumbnailUrl\":\"https:\/\/headwear.com.pl\/wp-content\/uploads\/2020\/12\/podsumowanie_roku_headwear.jpg\",\"keywords\":[\"Micha\u0142 Matwiejczyk\",\"OOH Magazine\",\"Wywiad\"],\"articleSection\":[\"Marketing\"],\"inLanguage\":\"en-GB\",\"potentialAction\":[{\"@type\":\"CommentAction\",\"name\":\"Comment\",\"target\":[\"https:\/\/headwear.com.pl\/de\/2020\/12\/18\/podsumowanie-roku-2020-headwear-professionals\/#respond\"]}]},{\"@type\":\"WebPage\",\"@id\":\"https:\/\/headwear.com.pl\/de\/2020\/12\/18\/podsumowanie-roku-2020-headwear-professionals\/\",\"url\":\"https:\/\/headwear.com.pl\/de\/2020\/12\/18\/podsumowanie-roku-2020-headwear-professionals\/\",\"name\":\"Podsumowanie roku 2020 - Headwear Professionals - Headwear Professionals\",\"isPartOf\":{\"@id\":\"https:\/\/headwear.com.pl\/fr\/#website\"},\"primaryImageOfPage\":{\"@id\":\"https:\/\/headwear.com.pl\/de\/2020\/12\/18\/podsumowanie-roku-2020-headwear-professionals\/#primaryimage\"},\"image\":{\"@id\":\"https:\/\/headwear.com.pl\/de\/2020\/12\/18\/podsumowanie-roku-2020-headwear-professionals\/#primaryimage\"},\"thumbnailUrl\":\"https:\/\/headwear.com.pl\/wp-content\/uploads\/2020\/12\/podsumowanie_roku_headwear.jpg\",\"datePublished\":\"2020-12-18T06:51:24+00:00\",\"dateModified\":\"2020-12-18T06:57:36+00:00\",\"description\":\"O tym, jakim rokiem by\u0142 2020 dla Headwear Professionals, zmianach w firmie, kt\u00f3re wymusi\u0142a pandemia, ale i zmianach w portfolio produktowym zwi\u0105zanym z wyzwaniami bie\u017c\u0105cej sytuacji oraz o przysz\u0142o\u015bci\",\"breadcrumb\":{\"@id\":\"https:\/\/headwear.com.pl\/de\/2020\/12\/18\/podsumowanie-roku-2020-headwear-professionals\/#breadcrumb\"},\"inLanguage\":\"en-GB\",\"potentialAction\":[{\"@type\":\"ReadAction\",\"target\":[\"https:\/\/headwear.com.pl\/de\/2020\/12\/18\/podsumowanie-roku-2020-headwear-professionals\/\"]}]},{\"@type\":\"ImageObject\",\"inLanguage\":\"en-GB\",\"@id\":\"https:\/\/headwear.com.pl\/de\/2020\/12\/18\/podsumowanie-roku-2020-headwear-professionals\/#primaryimage\",\"url\":\"https:\/\/headwear.com.pl\/wp-content\/uploads\/2020\/12\/podsumowanie_roku_headwear.jpg\",\"contentUrl\":\"https:\/\/headwear.com.pl\/wp-content\/uploads\/2020\/12\/podsumowanie_roku_headwear.jpg\",\"width\":1200,\"height\":790},{\"@type\":\"BreadcrumbList\",\"@id\":\"https:\/\/headwear.com.pl\/de\/2020\/12\/18\/podsumowanie-roku-2020-headwear-professionals\/#breadcrumb\",\"itemListElement\":[{\"@type\":\"ListItem\",\"position\":1,\"name\":\"Strona g\u0142\u00f3wna\",\"item\":\"https:\/\/headwear.com.pl\/\"},{\"@type\":\"ListItem\",\"position\":2,\"name\":\"Podsumowanie roku 2020 &#8211; Headwear Professionals\"}]},{\"@type\":\"WebSite\",\"@id\":\"https:\/\/headwear.com.pl\/fr\/#website\",\"url\":\"https:\/\/headwear.com.pl\/fr\/\",\"name\":\"Headwear Professionals\",\"description\":\"Produkcj\u0105 czapek reklamowych zajmujemy si\u0119 od 1974 roku. Pracujemy tylko z agencjami reklamowymi\",\"publisher\":{\"@id\":\"https:\/\/headwear.com.pl\/fr\/#organization\"},\"potentialAction\":[{\"@type\":\"SearchAction\",\"target\":{\"@type\":\"EntryPoint\",\"urlTemplate\":\"https:\/\/headwear.com.pl\/fr\/?s={search_term_string}\"},\"query-input\":\"required name=search_term_string\"}],\"inLanguage\":\"en-GB\"},{\"@type\":\"Organization\",\"@id\":\"https:\/\/headwear.com.pl\/fr\/#organization\",\"name\":\"Headwear Professionals\",\"url\":\"https:\/\/headwear.com.pl\/fr\/\",\"logo\":{\"@type\":\"ImageObject\",\"inLanguage\":\"en-GB\",\"@id\":\"https:\/\/headwear.com.pl\/fr\/#\/schema\/logo\/image\/\",\"url\":\"https:\/\/headwear.com.pl\/wp-content\/uploads\/2024\/05\/Headwear_COLOR_RGB_logo.jpg\",\"contentUrl\":\"https:\/\/headwear.com.pl\/wp-content\/uploads\/2024\/05\/Headwear_COLOR_RGB_logo.jpg\",\"width\":1786,\"height\":1263,\"caption\":\"Headwear Professionals\"},\"image\":{\"@id\":\"https:\/\/headwear.com.pl\/fr\/#\/schema\/logo\/image\/\"},\"sameAs\":[\"https:\/\/www.facebook.com\/HeadwearPolska\",\"https:\/\/www.linkedin.com\/company\/headwearpolska\"]},{\"@type\":\"Person\",\"@id\":\"https:\/\/headwear.com.pl\/fr\/#\/schema\/person\/6871294ea681d14fa01a4bd1398cc4ac\",\"name\":\"Headwear Professionals\",\"image\":{\"@type\":\"ImageObject\",\"inLanguage\":\"en-GB\",\"@id\":\"https:\/\/headwear.com.pl\/fr\/#\/schema\/person\/image\/\",\"url\":\"https:\/\/secure.gravatar.com\/avatar\/f9e18019ef65c89d9bef13812dfdca7f?s=96&d=mm&r=g\",\"contentUrl\":\"https:\/\/secure.gravatar.com\/avatar\/f9e18019ef65c89d9bef13812dfdca7f?s=96&d=mm&r=g\",\"caption\":\"Headwear Professionals\"},\"url\":\"https:\/\/headwear.com.pl\/en\/author\/admin\/\"}]}<\/script>\n<!-- \/ Yoast SEO plugin. -->","yoast_head_json":{"title":"Summary of 2020 - Headwear Professionals - Headwear Professionals","description":"About what 2020 was like for Headwear Professionals, the changes in the company brought about by the pandemic, but also the changes in the product portfolio related to the challenges of the current situation and the future.","robots":{"index":"index","follow":"follow","max-snippet":"max-snippet:-1","max-image-preview":"max-image-preview:large","max-video-preview":"max-video-preview:-1"},"canonical":"https:\/\/headwear.com.pl\/en\/2020\/12\/18\/podsumowanie-roku-2020-headwear-professionals\/","og_locale":"en_GB","og_type":"article","og_title":"Podsumowanie roku 2020 - Headwear Professionals (wywiad dla OOH Magazine)","og_description":"O tym, jakim rokiem by\u0142 2020 dla Headwear Professionals, zmianach w firmie, kt\u00f3re wymusi\u0142a pandemia, ale i zmianach w portfolio produktowym zwi\u0105zanym z wyzwaniami bie\u017c\u0105cej sytuacji oraz o przysz\u0142o\u015bci","og_url":"https:\/\/headwear.com.pl\/en\/2020\/12\/18\/podsumowanie-roku-2020-headwear-professionals\/","og_site_name":"Headwear Professionals","article_publisher":"https:\/\/www.facebook.com\/HeadwearPolska","article_published_time":"2020-12-18T06:51:24+00:00","article_modified_time":"2020-12-18T06:57:36+00:00","og_image":[{"width":1200,"height":790,"url":"https:\/\/headwear.com.pl\/wp-content\/uploads\/2020\/12\/podsumowanie_roku_headwear.jpg","type":"image\/jpeg"}],"author":"Headwear Professionals","twitter_card":"summary_large_image","twitter_misc":{"Written by":"Headwear Professionals","Estimated reading time":"4 minutes"},"schema":{"@context":"https:\/\/schema.org","@graph":[{"@type":"Article","@id":"https:\/\/headwear.com.pl\/de\/2020\/12\/18\/podsumowanie-roku-2020-headwear-professionals\/#article","isPartOf":{"@id":"https:\/\/headwear.com.pl\/de\/2020\/12\/18\/podsumowanie-roku-2020-headwear-professionals\/"},"author":{"name":"Headwear Professionals","@id":"https:\/\/headwear.com.pl\/fr\/#\/schema\/person\/6871294ea681d14fa01a4bd1398cc4ac"},"headline":"Podsumowanie roku 2020 &#8211; Headwear Professionals","datePublished":"2020-12-18T06:51:24+00:00","dateModified":"2020-12-18T06:57:36+00:00","mainEntityOfPage":{"@id":"https:\/\/headwear.com.pl\/de\/2020\/12\/18\/podsumowanie-roku-2020-headwear-professionals\/"},"wordCount":840,"commentCount":0,"publisher":{"@id":"https:\/\/headwear.com.pl\/fr\/#organization"},"image":{"@id":"https:\/\/headwear.com.pl\/de\/2020\/12\/18\/podsumowanie-roku-2020-headwear-professionals\/#primaryimage"},"thumbnailUrl":"https:\/\/headwear.com.pl\/wp-content\/uploads\/2020\/12\/podsumowanie_roku_headwear.jpg","keywords":["Micha\u0142 Matwiejczyk","OOH Magazine","Wywiad"],"articleSection":["Marketing"],"inLanguage":"en-GB","potentialAction":[{"@type":"CommentAction","name":"Comment","target":["https:\/\/headwear.com.pl\/de\/2020\/12\/18\/podsumowanie-roku-2020-headwear-professionals\/#respond"]}]},{"@type":"WebPage","@id":"https:\/\/headwear.com.pl\/de\/2020\/12\/18\/podsumowanie-roku-2020-headwear-professionals\/","url":"https:\/\/headwear.com.pl\/de\/2020\/12\/18\/podsumowanie-roku-2020-headwear-professionals\/","name":"Summary of 2020 - Headwear Professionals - Headwear Professionals","isPartOf":{"@id":"https:\/\/headwear.com.pl\/fr\/#website"},"primaryImageOfPage":{"@id":"https:\/\/headwear.com.pl\/de\/2020\/12\/18\/podsumowanie-roku-2020-headwear-professionals\/#primaryimage"},"image":{"@id":"https:\/\/headwear.com.pl\/de\/2020\/12\/18\/podsumowanie-roku-2020-headwear-professionals\/#primaryimage"},"thumbnailUrl":"https:\/\/headwear.com.pl\/wp-content\/uploads\/2020\/12\/podsumowanie_roku_headwear.jpg","datePublished":"2020-12-18T06:51:24+00:00","dateModified":"2020-12-18T06:57:36+00:00","description":"About what 2020 was like for Headwear Professionals, the changes in the company brought about by the pandemic, but also the changes in the product portfolio related to the challenges of the current situation and the future.","breadcrumb":{"@id":"https:\/\/headwear.com.pl\/de\/2020\/12\/18\/podsumowanie-roku-2020-headwear-professionals\/#breadcrumb"},"inLanguage":"en-GB","potentialAction":[{"@type":"ReadAction","target":["https:\/\/headwear.com.pl\/de\/2020\/12\/18\/podsumowanie-roku-2020-headwear-professionals\/"]}]},{"@type":"ImageObject","inLanguage":"en-GB","@id":"https:\/\/headwear.com.pl\/de\/2020\/12\/18\/podsumowanie-roku-2020-headwear-professionals\/#primaryimage","url":"https:\/\/headwear.com.pl\/wp-content\/uploads\/2020\/12\/podsumowanie_roku_headwear.jpg","contentUrl":"https:\/\/headwear.com.pl\/wp-content\/uploads\/2020\/12\/podsumowanie_roku_headwear.jpg","width":1200,"height":790},{"@type":"BreadcrumbList","@id":"https:\/\/headwear.com.pl\/de\/2020\/12\/18\/podsumowanie-roku-2020-headwear-professionals\/#breadcrumb","itemListElement":[{"@type":"ListItem","position":1,"name":"Strona g\u0142\u00f3wna","item":"https:\/\/headwear.com.pl\/"},{"@type":"ListItem","position":2,"name":"Podsumowanie roku 2020 &#8211; Headwear Professionals"}]},{"@type":"WebSite","@id":"https:\/\/headwear.com.pl\/fr\/#website","url":"https:\/\/headwear.com.pl\/fr\/","name":"Headwear Professionals","description":"We have been manufacturing advertising caps since 1974. We work only with advertising agencies","publisher":{"@id":"https:\/\/headwear.com.pl\/fr\/#organization"},"potentialAction":[{"@type":"SearchAction","target":{"@type":"EntryPoint","urlTemplate":"https:\/\/headwear.com.pl\/fr\/?s={search_term_string}"},"query-input":"required name=search_term_string"}],"inLanguage":"en-GB"},{"@type":"Organization","@id":"https:\/\/headwear.com.pl\/fr\/#organization","name":"Headwear Professionals","url":"https:\/\/headwear.com.pl\/fr\/","logo":{"@type":"ImageObject","inLanguage":"en-GB","@id":"https:\/\/headwear.com.pl\/fr\/#\/schema\/logo\/image\/","url":"https:\/\/headwear.com.pl\/wp-content\/uploads\/2024\/05\/Headwear_COLOR_RGB_logo.jpg","contentUrl":"https:\/\/headwear.com.pl\/wp-content\/uploads\/2024\/05\/Headwear_COLOR_RGB_logo.jpg","width":1786,"height":1263,"caption":"Headwear Professionals"},"image":{"@id":"https:\/\/headwear.com.pl\/fr\/#\/schema\/logo\/image\/"},"sameAs":["https:\/\/www.facebook.com\/HeadwearPolska","https:\/\/www.linkedin.com\/company\/headwearpolska"]},{"@type":"Person","@id":"https:\/\/headwear.com.pl\/fr\/#\/schema\/person\/6871294ea681d14fa01a4bd1398cc4ac","name":"Headwear Professionals","image":{"@type":"ImageObject","inLanguage":"en-GB","@id":"https:\/\/headwear.com.pl\/fr\/#\/schema\/person\/image\/","url":"https:\/\/secure.gravatar.com\/avatar\/f9e18019ef65c89d9bef13812dfdca7f?s=96&d=mm&r=g","contentUrl":"https:\/\/secure.gravatar.com\/avatar\/f9e18019ef65c89d9bef13812dfdca7f?s=96&d=mm&r=g","caption":"Headwear Professionals"},"url":"https:\/\/headwear.com.pl\/en\/author\/admin\/"}]}},"_links":{"self":[{"href":"https:\/\/headwear.com.pl\/en\/wp-json\/wp\/v2\/posts\/99429"}],"collection":[{"href":"https:\/\/headwear.com.pl\/en\/wp-json\/wp\/v2\/posts"}],"about":[{"href":"https:\/\/headwear.com.pl\/en\/wp-json\/wp\/v2\/types\/post"}],"author":[{"embeddable":true,"href":"https:\/\/headwear.com.pl\/en\/wp-json\/wp\/v2\/users\/1"}],"replies":[{"embeddable":true,"href":"https:\/\/headwear.com.pl\/en\/wp-json\/wp\/v2\/comments?post=99429"}],"version-history":[{"count":0,"href":"https:\/\/headwear.com.pl\/en\/wp-json\/wp\/v2\/posts\/99429\/revisions"}],"wp:featuredmedia":[{"embeddable":true,"href":"https:\/\/headwear.com.pl\/en\/wp-json\/wp\/v2\/media\/99431"}],"wp:attachment":[{"href":"https:\/\/headwear.com.pl\/en\/wp-json\/wp\/v2\/media?parent=99429"}],"wp:term":[{"taxonomy":"category","embeddable":true,"href":"https:\/\/headwear.com.pl\/en\/wp-json\/wp\/v2\/categories?post=99429"},{"taxonomy":"post_tag","embeddable":true,"href":"https:\/\/headwear.com.pl\/en\/wp-json\/wp\/v2\/tags?post=99429"}],"curies":[{"name":"wp","href":"https:\/\/api.w.org\/{rel}","templated":true}]}}