{"id":107309,"date":"2022-01-20T09:20:20","date_gmt":"2022-01-20T08:20:20","guid":{"rendered":"https:\/\/headwear.com.pl\/?p=107309"},"modified":"2022-01-20T09:32:05","modified_gmt":"2022-01-20T08:32:05","slug":"gadzety-reklamowe-co-gdzie-jak-i-kiedy","status":"publish","type":"post","link":"https:\/\/headwear.com.pl\/fr\/2022\/01\/20\/gadzety-reklamowe-co-gdzie-jak-i-kiedy\/","title":{"rendered":"Gad\u017cety reklamowe \u2013 co, gdzie, jak i kiedy?"},"content":{"rendered":"<p><strong>W najnowszym wydaniu <a href=\"https:\/\/oohmagazine.pl\/\" target=\"_blank\" rel=\"noopener\">Magazine OOH<\/a> (1\/2022) ukaza\u0142 si\u0119 artyku\u0142 autorstwa Marcina J\u0119drzejczyk (Marketing Manager Headwear Professionals). Zapraszamy do lektury. Ca\u0142y numer dost\u0119pny jest w PDF (<a href=\"https:\/\/pub.oohmagazine.pl\/OOH\/OOH161.pdf\" target=\"_blank\" rel=\"noopener\">ici<\/a>)<\/strong><\/p>\n<h1>Gad\u017cety reklamowe \u2013 co, gdzie, jak i kiedy?<\/h1>\n<p><strong>Jak gad\u017cety reklamowe s\u0105 postrzegane przez pracownik\u00f3w dzia\u0142\u00f3w marketingu? Czy wiedz\u0105, jak mo\u017cna je wykorzysta\u0107 czy przy jakich okazjach stosowa\u0107? Czy gad\u017cet reklamowy to g\u0142\u00f3wnie upominek \u015bwi\u0105teczny lub noworoczny? Czy to g\u0142\u00f3wnie narz\u0119dzie dla sprzedawc\u00f3w i przedstawicieli handlowych? Jak to jest z tymi upominkami reklamowymi? O tym poni\u017cej!<\/strong><\/p>\n<p>W ksi\u0105\u017cce Jacka Kotarbi\u0144skiego pt. \u201e50 praw marketingu Kotarbi\u0144skiego\u201d mo\u017cna znale\u017a\u0107 dwie regu\u0142y, kt\u00f3re odnosz\u0105 si\u0119 do gad\u017cet\u00f3w reklamowych w\u0142a\u015bnie. S\u0105 to:<\/p>\n<blockquote><p>\u201ePrezesi nigdy nie interesuj\u0105 si\u0119 analizami i studiami za 50 tysi\u0119cy z\u0142otych i wi\u0119cej, za to wyborem firmowego d\u0142ugopisu, gad\u017cetu oraz kszta\u0142tem modyfikowanego logo \u2013 zawsze\u201d.<\/p><\/blockquote>\n<blockquote><p>\u201eLiczba zamawianych gad\u017cet\u00f3w dla zespo\u0142\u00f3w handlowych nigdy nie b\u0119dzie wystarczaj\u0105ca\u201d.<\/p><\/blockquote>\n<p>To w pewien spos\u00f3b pokazuje, \u017ce gad\u017cety bardzo cz\u0119sto s\u0105 postrzegane tylko jako narz\u0119dzie dla zespo\u0142\u00f3w handlowych, g\u0142\u00f3wnie jako element wspieraj\u0105cy sprzeda\u017c i pomagaj\u0105cy budowa\u0107 relacje. Zastosowanie gad\u017cet\u00f3w reklamowych jest jednak o wiele szersze. Pomimo marginalizowania upomink\u00f3w reklamowych w dzia\u0142aniach marketingu ich wyb\u00f3r potrafi budzi\u0107 wiele emocji, no bo przecie\u017c ka\u017cdy zna si\u0119 na marketingu i gad\u017cetach reklamowych i ka\u017cdy wie, jakie s\u0105 dla niego najlepsze. W nawi\u0105zaniu do pierwszej przytoczonej regu\u0142y, temat gad\u017cet\u00f3w reklamowych mo\u017ce dotrze\u0107 nawet do zarz\u0105du i prezes\u00f3w. Gad\u017cety reklamowe to co\u015b wi\u0119cej ni\u017c tylko upominki \u015bwi\u0105teczne i narz\u0119dzie w r\u0119kach handlowc\u00f3w. Dobrze przygotowane upominki, jak i ca\u0142a zaplanowana akcja z ich udzia\u0142em, to doskona\u0142a okazja do budowania relacji i kreowania wizerunku marki, to mo\u017cliwo\u015b\u0107 kszta\u0142towania \u015bwiadomo\u015bci brandu i umacniania lojalno\u015bci klienckiej. Jest to tak\u017ce doskona\u0142e narz\u0119dzie promocji sprzeda\u017cy.<\/p>\n<h2>Kiedy i jak stosowa\u0107 upominki reklamowe w dzia\u0142aniach reklamowo \u2013 promocyjnych?<\/h2>\n<p>W raporcie przygotowanym przez IPSOS dla <a href=\"https:\/\/www.piap-org.pl\/\" target=\"_blank\" rel=\"noopener\"><strong>Polskiej Izby Artyku\u0142\u00f3w Promocyjnych<\/strong><\/a> zosta\u0142o wyr\u00f3\u017cnionych 5 podstawowych grup okazji, podczas kt\u00f3rych mo\u017cna wykorzystywa\u0107 gad\u017cety reklamowe.<\/p>\n<h2>1. Imprezy masowe<\/h2>\n<p>S\u0105 to sytuacje, w kt\u00f3rych odbiorcy nie spodziewaj\u0105 si\u0119 prezent\u00f3w. Przez co du\u017co \u0142atwiej zaskoczy\u0107 i wywo\u0142a\u0107 pozytywn\u0105 reakcj\u0119. Dodatkowo, oferowanie upominku, w sytuacji, kt\u00f3ra sama w sobie tworzy pozytywne emocje, stwarza okazj\u0119 do budowania bliskich relacji z odbiorc\u0105 oraz pozytywnych skojarze\u0144 z mark\u0105. Tworzy wizerunek firmy, kt\u00f3ra rozumie potrzeby swoich klient\u00f3w.<\/p>\n<h2>2. Podzi\u0119kowania<\/h2>\n<p>Upominkom z okazji podzi\u0119kowa\u0144, cz\u0119sto towarzyszy element zaskoczenia. Odbiorcy doceniaj\u0105 sam\u0105 ch\u0119\u0107 podzi\u0119kowania. Podarunek w tych sytuacjach powinien podkre\u015bla\u0107 wdzi\u0119czno\u015b\u0107 i dawa\u0107 poczucie bycia docenionym. Wa\u017cna jest jako\u015b\u0107 prezentu oraz jego emocjonalny wyd\u017awi\u0119k. Daje to okazje do zmiany, podtrzymania stylu relacji z mark\u0105\/ firm\u0105.<\/p>\n<h2>3. Uroczysto\u015bci, \u015bwi\u0119ta, jubileusze<\/h2>\n<p>Okazje, w kt\u00f3rych odbiorcy bywaj\u0105 rozpieszczani, w kt\u00f3rej spodziewaj\u0105 si\u0119 upomink\u00f3w. W przypadku \u015bwi\u0105t og\u00f3lnopolskich oraz bran\u017cowych to okazja cz\u0119sto wykorzystywana do przypomnienia klientowi o swojej firmie\/ marce. Jest to te\u017c pretekst do spotkania i podtrzymania kontaktu czy podzi\u0119kowania pracownikom za dotychczasow\u0105 wsp\u00f3\u0142prac\u0119 (jubileusze). Najbardziej doceniana forma upomink\u00f3w.<\/p>\n<h2>4. Spontaniczne<\/h2>\n<p>Gdy odbiorcy nie spodziewaj\u0105 si\u0119 prezent\u00f3w, du\u017co \u0142atwiej zwr\u00f3ci\u0107 uwag\u0119 na firm\u0119\/ mark\u0119, wywo\u0142a\u0107 pozytywn\u0105 reakcj\u0119. Odbiorcy nie oczekuj\u0105 w takich sytuacjach drogich upomink\u00f3w. Uwag\u0119 mo\u017ce przyku\u0107 nawet ma\u0142y drobiazg. Najbardziej cenione s\u0105 upominki funkcjonalne, przydatne w \u017cyciu codziennym, ale pojawia si\u0119 zm\u0119czenie tymi samymi, nudnymi pomys\u0142ami. Cz\u0119sto r\u00f3wnie\u017c firmy same spontanicznie obdarowuj\u0105 swoich pracownik\u00f3w. Zwykle jest to okazja zamawiania podstawowych upomink\u00f3w dla klient\u00f3w.<\/p>\n<h2>5. Targi, konferencje<\/h2>\n<p>S\u0105 to okazje, gdzie pojawiaj\u0105 si\u0119 zwykle du\u017ce grupy klient\u00f3w i masowe gad\u017cety. Odbiorcy wybieraj\u0105c si\u0119 na tego typu wydarzenia spodziewaj\u0105 si\u0119 upomink\u00f3w. Wa\u017cna jest funkcjonalno\u015b\u0107 prezentu, szczeg\u00f3lnie w sytuacji szkole\u0144 i konferencji, przydatno\u015b\u0107 w tej konkretnej sytuacji. Wi\u0119kszo\u015b\u0107 odbiorc\u00f3w zauwa\u017ca, \u017ce s\u0105 to okazje, w kt\u00f3rych firmy zwykle dysponuj\u0105 najbardziej podstawow\u0105, ogran\u0105 ofert\u0105 upomink\u00f3w, tym bardziej doceniane s\u0105 wszelkie pr\u00f3by zwr\u00f3cenia na siebie uwagi i wyr\u00f3\u017cnienia firmy po\u015br\u00f3d szerokiej oferty.<\/p>","protected":false},"excerpt":{"rendered":"<p>W najnowszym wydaniu OOH Magazine (1\/2022) ukaza\u0142 si\u0119 artyku\u0142 autorstwa Marcina J\u0119drzejczyk (Marketing Manager Headwear Professionals). Zapraszamy do lektury. Ca\u0142y numer dost\u0119pny jest w PDF (tutaj) Gad\u017cety reklamowe &#8211; co, gdzie, jak i kiedy? Jak gad\u017cety reklamowe s\u0105 postrzegane przez pracownik\u00f3w dzia\u0142\u00f3w marketingu? Czy wiedz\u0105, jak mo\u017cna je wykorzysta\u0107 czy przy jakich okazjach stosowa\u0107? Czy gad\u017cet reklamowy to g\u0142\u00f3wnie upominek \u015bwi\u0105teczny lub noworoczny? Czy to g\u0142\u00f3wnie narz\u0119dzie dla sprzedawc\u00f3w i przedstawicieli handlowych? Jak to jest z tymi upominkami reklamowymi? O tym poni\u017cej! W ksi\u0105\u017cce Jacka Kotarbi\u0144skiego pt. \u201e50 praw marketingu Kotarbi\u0144skiego\u201d mo\u017cna znale\u017a\u0107 dwie regu\u0142y, kt\u00f3re odnosz\u0105 si\u0119 do gad\u017cet\u00f3w reklamowych w\u0142a\u015bnie. S\u0105 to: \u201ePrezesi nigdy nie interesuj\u0105 si\u0119 analizami i studiami za 50 tysi\u0119cy z\u0142otych i wi\u0119cej, za to wyborem firmowego d\u0142ugopisu, gad\u017cetu oraz kszta\u0142tem modyfikowanego logo \u2013 zawsze\u201d. \u201eLiczba zamawianych gad\u017cet\u00f3w dla zespo\u0142\u00f3w handlowych nigdy nie b\u0119dzie wystarczaj\u0105ca\u201d. To w pewien spos\u00f3b pokazuje, \u017ce gad\u017cety bardzo cz\u0119sto s\u0105 postrzegane tylko jako narz\u0119dzie dla zespo\u0142\u00f3w handlowych, g\u0142\u00f3wnie jako element wspieraj\u0105cy sprzeda\u017c i pomagaj\u0105cy budowa\u0107 relacje. Zastosowanie gad\u017cet\u00f3w reklamowych jest jednak o wiele szersze. Pomimo marginalizowania upomink\u00f3w reklamowych w dzia\u0142aniach marketingu ich wyb\u00f3r potrafi budzi\u0107 wiele emocji, no bo przecie\u017c ka\u017cdy zna si\u0119 na marketingu i gad\u017cetach reklamowych i ka\u017cdy&#8230;<\/p>","protected":false},"author":1,"featured_media":107311,"comment_status":"open","ping_status":"open","sticky":false,"template":"","format":"standard","meta":{"footnotes":""},"categories":[139],"tags":[385,141,408],"yoast_head":"<!-- This site is optimized with the Yoast SEO plugin v22.7 - https:\/\/yoast.com\/wordpress\/plugins\/seo\/ -->\n<title>Gad\u017cety reklamowe - co, gdzie, jak i kiedy? - Headwear Professionals<\/title>\n<meta name=\"description\" content=\"Jak gad\u017cety reklamowe s\u0105 postrzegane przez pracownik\u00f3w dzia\u0142\u00f3w marketingu? Czy wiedz\u0105, jak mo\u017cna je wykorzysta\u0107 i przy jakich okazjach stosowa\u0107?\" \/>\n<meta name=\"robots\" content=\"index, follow, max-snippet:-1, max-image-preview:large, max-video-preview:-1\" \/>\n<link rel=\"canonical\" href=\"https:\/\/headwear.com.pl\/fr\/2022\/01\/20\/gadzety-reklamowe-co-gdzie-jak-i-kiedy\/\" \/>\n<meta property=\"og:locale\" content=\"fr_FR\" \/>\n<meta property=\"og:type\" content=\"article\" \/>\n<meta property=\"og:title\" content=\"Gad\u017cety reklamowe - co, gdzie, jak i kiedy? - Headwear Professionals\" \/>\n<meta property=\"og:description\" content=\"Jak gad\u017cety reklamowe s\u0105 postrzegane przez pracownik\u00f3w dzia\u0142\u00f3w marketingu? Czy wiedz\u0105, jak mo\u017cna je wykorzysta\u0107 i przy jakich okazjach stosowa\u0107?\" \/>\n<meta property=\"og:url\" content=\"https:\/\/headwear.com.pl\/fr\/2022\/01\/20\/gadzety-reklamowe-co-gdzie-jak-i-kiedy\/\" \/>\n<meta property=\"og:site_name\" content=\"Headwear Professionals\" \/>\n<meta property=\"article:publisher\" content=\"https:\/\/www.facebook.com\/HeadwearPolska\" \/>\n<meta property=\"article:published_time\" content=\"2022-01-20T08:20:20+00:00\" \/>\n<meta property=\"article:modified_time\" content=\"2022-01-20T08:32:05+00:00\" \/>\n<meta property=\"og:image\" content=\"https:\/\/headwear.com.pl\/wp-content\/uploads\/2022\/01\/W_prasie_-1.jpg\" \/>\n\t<meta property=\"og:image:width\" content=\"1200\" \/>\n\t<meta property=\"og:image:height\" content=\"790\" \/>\n\t<meta property=\"og:image:type\" content=\"image\/jpeg\" \/>\n<meta name=\"author\" content=\"Headwear Professionals\" \/>\n<meta name=\"twitter:card\" content=\"summary_large_image\" \/>\n<meta name=\"twitter:label1\" content=\"\u00c9crit par\" \/>\n\t<meta name=\"twitter:data1\" content=\"Headwear Professionals\" \/>\n\t<meta name=\"twitter:label2\" content=\"Dur\u00e9e de lecture estim\u00e9e\" \/>\n\t<meta name=\"twitter:data2\" content=\"3 minutes\" \/>\n<script type=\"application\/ld+json\" class=\"yoast-schema-graph\">{\"@context\":\"https:\/\/schema.org\",\"@graph\":[{\"@type\":\"Article\",\"@id\":\"https:\/\/headwear.com.pl\/2022\/01\/20\/gadzety-reklamowe-co-gdzie-jak-i-kiedy\/#article\",\"isPartOf\":{\"@id\":\"https:\/\/headwear.com.pl\/2022\/01\/20\/gadzety-reklamowe-co-gdzie-jak-i-kiedy\/\"},\"author\":{\"name\":\"Headwear Professionals\",\"@id\":\"https:\/\/headwear.com.pl\/fr\/#\/schema\/person\/6871294ea681d14fa01a4bd1398cc4ac\"},\"headline\":\"Gad\u017cety reklamowe &#8211; co, gdzie, jak i kiedy?\",\"datePublished\":\"2022-01-20T08:20:20+00:00\",\"dateModified\":\"2022-01-20T08:32:05+00:00\",\"mainEntityOfPage\":{\"@id\":\"https:\/\/headwear.com.pl\/2022\/01\/20\/gadzety-reklamowe-co-gdzie-jak-i-kiedy\/\"},\"wordCount\":739,\"commentCount\":0,\"publisher\":{\"@id\":\"https:\/\/headwear.com.pl\/fr\/#organization\"},\"image\":{\"@id\":\"https:\/\/headwear.com.pl\/2022\/01\/20\/gadzety-reklamowe-co-gdzie-jak-i-kiedy\/#primaryimage\"},\"thumbnailUrl\":\"https:\/\/headwear.com.pl\/wp-content\/uploads\/2022\/01\/W_prasie_-1.jpg\",\"keywords\":[\"Marcin J\u0119drzejczyk\",\"OOH Magazine\",\"Prasa\"],\"articleSection\":[\"Marketing\"],\"inLanguage\":\"fr-FR\",\"potentialAction\":[{\"@type\":\"CommentAction\",\"name\":\"Comment\",\"target\":[\"https:\/\/headwear.com.pl\/2022\/01\/20\/gadzety-reklamowe-co-gdzie-jak-i-kiedy\/#respond\"]}]},{\"@type\":\"WebPage\",\"@id\":\"https:\/\/headwear.com.pl\/2022\/01\/20\/gadzety-reklamowe-co-gdzie-jak-i-kiedy\/\",\"url\":\"https:\/\/headwear.com.pl\/2022\/01\/20\/gadzety-reklamowe-co-gdzie-jak-i-kiedy\/\",\"name\":\"Gad\u017cety reklamowe - co, gdzie, jak i kiedy? - Headwear Professionals\",\"isPartOf\":{\"@id\":\"https:\/\/headwear.com.pl\/fr\/#website\"},\"primaryImageOfPage\":{\"@id\":\"https:\/\/headwear.com.pl\/2022\/01\/20\/gadzety-reklamowe-co-gdzie-jak-i-kiedy\/#primaryimage\"},\"image\":{\"@id\":\"https:\/\/headwear.com.pl\/2022\/01\/20\/gadzety-reklamowe-co-gdzie-jak-i-kiedy\/#primaryimage\"},\"thumbnailUrl\":\"https:\/\/headwear.com.pl\/wp-content\/uploads\/2022\/01\/W_prasie_-1.jpg\",\"datePublished\":\"2022-01-20T08:20:20+00:00\",\"dateModified\":\"2022-01-20T08:32:05+00:00\",\"description\":\"Jak gad\u017cety reklamowe s\u0105 postrzegane przez pracownik\u00f3w dzia\u0142\u00f3w marketingu? Czy wiedz\u0105, jak mo\u017cna je wykorzysta\u0107 i przy jakich okazjach stosowa\u0107?\",\"breadcrumb\":{\"@id\":\"https:\/\/headwear.com.pl\/2022\/01\/20\/gadzety-reklamowe-co-gdzie-jak-i-kiedy\/#breadcrumb\"},\"inLanguage\":\"fr-FR\",\"potentialAction\":[{\"@type\":\"ReadAction\",\"target\":[\"https:\/\/headwear.com.pl\/2022\/01\/20\/gadzety-reklamowe-co-gdzie-jak-i-kiedy\/\"]}]},{\"@type\":\"ImageObject\",\"inLanguage\":\"fr-FR\",\"@id\":\"https:\/\/headwear.com.pl\/2022\/01\/20\/gadzety-reklamowe-co-gdzie-jak-i-kiedy\/#primaryimage\",\"url\":\"https:\/\/headwear.com.pl\/wp-content\/uploads\/2022\/01\/W_prasie_-1.jpg\",\"contentUrl\":\"https:\/\/headwear.com.pl\/wp-content\/uploads\/2022\/01\/W_prasie_-1.jpg\",\"width\":1200,\"height\":790,\"caption\":\"Headwear - prasa\"},{\"@type\":\"BreadcrumbList\",\"@id\":\"https:\/\/headwear.com.pl\/2022\/01\/20\/gadzety-reklamowe-co-gdzie-jak-i-kiedy\/#breadcrumb\",\"itemListElement\":[{\"@type\":\"ListItem\",\"position\":1,\"name\":\"Strona g\u0142\u00f3wna\",\"item\":\"https:\/\/headwear.com.pl\/\"},{\"@type\":\"ListItem\",\"position\":2,\"name\":\"Gad\u017cety reklamowe &#8211; co, gdzie, jak i kiedy?\"}]},{\"@type\":\"WebSite\",\"@id\":\"https:\/\/headwear.com.pl\/fr\/#website\",\"url\":\"https:\/\/headwear.com.pl\/fr\/\",\"name\":\"Headwear Professionals\",\"description\":\"Produkcj\u0105 czapek reklamowych zajmujemy si\u0119 od 1974 roku. Pracujemy tylko z agencjami reklamowymi\",\"publisher\":{\"@id\":\"https:\/\/headwear.com.pl\/fr\/#organization\"},\"potentialAction\":[{\"@type\":\"SearchAction\",\"target\":{\"@type\":\"EntryPoint\",\"urlTemplate\":\"https:\/\/headwear.com.pl\/fr\/?s={search_term_string}\"},\"query-input\":\"required name=search_term_string\"}],\"inLanguage\":\"fr-FR\"},{\"@type\":\"Organization\",\"@id\":\"https:\/\/headwear.com.pl\/fr\/#organization\",\"name\":\"Headwear Professionals\",\"url\":\"https:\/\/headwear.com.pl\/fr\/\",\"logo\":{\"@type\":\"ImageObject\",\"inLanguage\":\"fr-FR\",\"@id\":\"https:\/\/headwear.com.pl\/fr\/#\/schema\/logo\/image\/\",\"url\":\"https:\/\/headwear.com.pl\/wp-content\/uploads\/2024\/05\/Headwear_COLOR_RGB_logo.jpg\",\"contentUrl\":\"https:\/\/headwear.com.pl\/wp-content\/uploads\/2024\/05\/Headwear_COLOR_RGB_logo.jpg\",\"width\":1786,\"height\":1263,\"caption\":\"Headwear Professionals\"},\"image\":{\"@id\":\"https:\/\/headwear.com.pl\/fr\/#\/schema\/logo\/image\/\"},\"sameAs\":[\"https:\/\/www.facebook.com\/HeadwearPolska\",\"https:\/\/www.linkedin.com\/company\/headwearpolska\"]},{\"@type\":\"Person\",\"@id\":\"https:\/\/headwear.com.pl\/fr\/#\/schema\/person\/6871294ea681d14fa01a4bd1398cc4ac\",\"name\":\"Headwear Professionals\",\"image\":{\"@type\":\"ImageObject\",\"inLanguage\":\"fr-FR\",\"@id\":\"https:\/\/headwear.com.pl\/fr\/#\/schema\/person\/image\/\",\"url\":\"https:\/\/secure.gravatar.com\/avatar\/f9e18019ef65c89d9bef13812dfdca7f?s=96&d=mm&r=g\",\"contentUrl\":\"https:\/\/secure.gravatar.com\/avatar\/f9e18019ef65c89d9bef13812dfdca7f?s=96&d=mm&r=g\",\"caption\":\"Headwear Professionals\"},\"url\":\"https:\/\/headwear.com.pl\/fr\/author\/admin\/\"}]}<\/script>\n<!-- \/ Yoast SEO plugin. -->","yoast_head_json":{"title":"Gad\u017cety reklamowe - co, gdzie, jak i kiedy? - Headwear Professionals","description":"Jak gad\u017cety reklamowe s\u0105 postrzegane przez pracownik\u00f3w dzia\u0142\u00f3w marketingu? Czy wiedz\u0105, jak mo\u017cna je wykorzysta\u0107 i przy jakich okazjach stosowa\u0107?","robots":{"index":"index","follow":"follow","max-snippet":"max-snippet:-1","max-image-preview":"max-image-preview:large","max-video-preview":"max-video-preview:-1"},"canonical":"https:\/\/headwear.com.pl\/fr\/2022\/01\/20\/gadzety-reklamowe-co-gdzie-jak-i-kiedy\/","og_locale":"fr_FR","og_type":"article","og_title":"Gad\u017cety reklamowe - co, gdzie, jak i kiedy? - Headwear Professionals","og_description":"Jak gad\u017cety reklamowe s\u0105 postrzegane przez pracownik\u00f3w dzia\u0142\u00f3w marketingu? Czy wiedz\u0105, jak mo\u017cna je wykorzysta\u0107 i przy jakich okazjach stosowa\u0107?","og_url":"https:\/\/headwear.com.pl\/fr\/2022\/01\/20\/gadzety-reklamowe-co-gdzie-jak-i-kiedy\/","og_site_name":"Headwear Professionals","article_publisher":"https:\/\/www.facebook.com\/HeadwearPolska","article_published_time":"2022-01-20T08:20:20+00:00","article_modified_time":"2022-01-20T08:32:05+00:00","og_image":[{"width":1200,"height":790,"url":"https:\/\/headwear.com.pl\/wp-content\/uploads\/2022\/01\/W_prasie_-1.jpg","type":"image\/jpeg"}],"author":"Headwear Professionals","twitter_card":"summary_large_image","twitter_misc":{"\u00c9crit par":"Headwear Professionals","Dur\u00e9e de lecture estim\u00e9e":"3 minutes"},"schema":{"@context":"https:\/\/schema.org","@graph":[{"@type":"Article","@id":"https:\/\/headwear.com.pl\/2022\/01\/20\/gadzety-reklamowe-co-gdzie-jak-i-kiedy\/#article","isPartOf":{"@id":"https:\/\/headwear.com.pl\/2022\/01\/20\/gadzety-reklamowe-co-gdzie-jak-i-kiedy\/"},"author":{"name":"Headwear Professionals","@id":"https:\/\/headwear.com.pl\/fr\/#\/schema\/person\/6871294ea681d14fa01a4bd1398cc4ac"},"headline":"Gad\u017cety reklamowe &#8211; co, gdzie, jak i kiedy?","datePublished":"2022-01-20T08:20:20+00:00","dateModified":"2022-01-20T08:32:05+00:00","mainEntityOfPage":{"@id":"https:\/\/headwear.com.pl\/2022\/01\/20\/gadzety-reklamowe-co-gdzie-jak-i-kiedy\/"},"wordCount":739,"commentCount":0,"publisher":{"@id":"https:\/\/headwear.com.pl\/fr\/#organization"},"image":{"@id":"https:\/\/headwear.com.pl\/2022\/01\/20\/gadzety-reklamowe-co-gdzie-jak-i-kiedy\/#primaryimage"},"thumbnailUrl":"https:\/\/headwear.com.pl\/wp-content\/uploads\/2022\/01\/W_prasie_-1.jpg","keywords":["Marcin J\u0119drzejczyk","OOH Magazine","Prasa"],"articleSection":["Marketing"],"inLanguage":"fr-FR","potentialAction":[{"@type":"CommentAction","name":"Comment","target":["https:\/\/headwear.com.pl\/2022\/01\/20\/gadzety-reklamowe-co-gdzie-jak-i-kiedy\/#respond"]}]},{"@type":"WebPage","@id":"https:\/\/headwear.com.pl\/2022\/01\/20\/gadzety-reklamowe-co-gdzie-jak-i-kiedy\/","url":"https:\/\/headwear.com.pl\/2022\/01\/20\/gadzety-reklamowe-co-gdzie-jak-i-kiedy\/","name":"Gad\u017cety reklamowe - co, gdzie, jak i kiedy? - Headwear Professionals","isPartOf":{"@id":"https:\/\/headwear.com.pl\/fr\/#website"},"primaryImageOfPage":{"@id":"https:\/\/headwear.com.pl\/2022\/01\/20\/gadzety-reklamowe-co-gdzie-jak-i-kiedy\/#primaryimage"},"image":{"@id":"https:\/\/headwear.com.pl\/2022\/01\/20\/gadzety-reklamowe-co-gdzie-jak-i-kiedy\/#primaryimage"},"thumbnailUrl":"https:\/\/headwear.com.pl\/wp-content\/uploads\/2022\/01\/W_prasie_-1.jpg","datePublished":"2022-01-20T08:20:20+00:00","dateModified":"2022-01-20T08:32:05+00:00","description":"Jak gad\u017cety reklamowe s\u0105 postrzegane przez pracownik\u00f3w dzia\u0142\u00f3w marketingu? Czy wiedz\u0105, jak mo\u017cna je wykorzysta\u0107 i przy jakich okazjach stosowa\u0107?","breadcrumb":{"@id":"https:\/\/headwear.com.pl\/2022\/01\/20\/gadzety-reklamowe-co-gdzie-jak-i-kiedy\/#breadcrumb"},"inLanguage":"fr-FR","potentialAction":[{"@type":"ReadAction","target":["https:\/\/headwear.com.pl\/2022\/01\/20\/gadzety-reklamowe-co-gdzie-jak-i-kiedy\/"]}]},{"@type":"ImageObject","inLanguage":"fr-FR","@id":"https:\/\/headwear.com.pl\/2022\/01\/20\/gadzety-reklamowe-co-gdzie-jak-i-kiedy\/#primaryimage","url":"https:\/\/headwear.com.pl\/wp-content\/uploads\/2022\/01\/W_prasie_-1.jpg","contentUrl":"https:\/\/headwear.com.pl\/wp-content\/uploads\/2022\/01\/W_prasie_-1.jpg","width":1200,"height":790,"caption":"Headwear - prasa"},{"@type":"BreadcrumbList","@id":"https:\/\/headwear.com.pl\/2022\/01\/20\/gadzety-reklamowe-co-gdzie-jak-i-kiedy\/#breadcrumb","itemListElement":[{"@type":"ListItem","position":1,"name":"Strona g\u0142\u00f3wna","item":"https:\/\/headwear.com.pl\/"},{"@type":"ListItem","position":2,"name":"Gad\u017cety reklamowe &#8211; co, gdzie, jak i kiedy?"}]},{"@type":"WebSite","@id":"https:\/\/headwear.com.pl\/fr\/#website","url":"https:\/\/headwear.com.pl\/fr\/","name":"Headwear Professionals","description":"Nous fabriquons des casquettes publicitaires depuis 1974. Nous travaillons uniquement avec des agences de publicit\u00e9","publisher":{"@id":"https:\/\/headwear.com.pl\/fr\/#organization"},"potentialAction":[{"@type":"SearchAction","target":{"@type":"EntryPoint","urlTemplate":"https:\/\/headwear.com.pl\/fr\/?s={search_term_string}"},"query-input":"required name=search_term_string"}],"inLanguage":"fr-FR"},{"@type":"Organization","@id":"https:\/\/headwear.com.pl\/fr\/#organization","name":"Headwear Professionals","url":"https:\/\/headwear.com.pl\/fr\/","logo":{"@type":"ImageObject","inLanguage":"fr-FR","@id":"https:\/\/headwear.com.pl\/fr\/#\/schema\/logo\/image\/","url":"https:\/\/headwear.com.pl\/wp-content\/uploads\/2024\/05\/Headwear_COLOR_RGB_logo.jpg","contentUrl":"https:\/\/headwear.com.pl\/wp-content\/uploads\/2024\/05\/Headwear_COLOR_RGB_logo.jpg","width":1786,"height":1263,"caption":"Headwear Professionals"},"image":{"@id":"https:\/\/headwear.com.pl\/fr\/#\/schema\/logo\/image\/"},"sameAs":["https:\/\/www.facebook.com\/HeadwearPolska","https:\/\/www.linkedin.com\/company\/headwearpolska"]},{"@type":"Person","@id":"https:\/\/headwear.com.pl\/fr\/#\/schema\/person\/6871294ea681d14fa01a4bd1398cc4ac","name":"Headwear Professionals","image":{"@type":"ImageObject","inLanguage":"fr-FR","@id":"https:\/\/headwear.com.pl\/fr\/#\/schema\/person\/image\/","url":"https:\/\/secure.gravatar.com\/avatar\/f9e18019ef65c89d9bef13812dfdca7f?s=96&d=mm&r=g","contentUrl":"https:\/\/secure.gravatar.com\/avatar\/f9e18019ef65c89d9bef13812dfdca7f?s=96&d=mm&r=g","caption":"Headwear Professionals"},"url":"https:\/\/headwear.com.pl\/fr\/author\/admin\/"}]}},"_links":{"self":[{"href":"https:\/\/headwear.com.pl\/fr\/wp-json\/wp\/v2\/posts\/107309"}],"collection":[{"href":"https:\/\/headwear.com.pl\/fr\/wp-json\/wp\/v2\/posts"}],"about":[{"href":"https:\/\/headwear.com.pl\/fr\/wp-json\/wp\/v2\/types\/post"}],"author":[{"embeddable":true,"href":"https:\/\/headwear.com.pl\/fr\/wp-json\/wp\/v2\/users\/1"}],"replies":[{"embeddable":true,"href":"https:\/\/headwear.com.pl\/fr\/wp-json\/wp\/v2\/comments?post=107309"}],"version-history":[{"count":6,"href":"https:\/\/headwear.com.pl\/fr\/wp-json\/wp\/v2\/posts\/107309\/revisions"}],"predecessor-version":[{"id":107316,"href":"https:\/\/headwear.com.pl\/fr\/wp-json\/wp\/v2\/posts\/107309\/revisions\/107316"}],"wp:featuredmedia":[{"embeddable":true,"href":"https:\/\/headwear.com.pl\/fr\/wp-json\/wp\/v2\/media\/107311"}],"wp:attachment":[{"href":"https:\/\/headwear.com.pl\/fr\/wp-json\/wp\/v2\/media?parent=107309"}],"wp:term":[{"taxonomy":"category","embeddable":true,"href":"https:\/\/headwear.com.pl\/fr\/wp-json\/wp\/v2\/categories?post=107309"},{"taxonomy":"post_tag","embeddable":true,"href":"https:\/\/headwear.com.pl\/fr\/wp-json\/wp\/v2\/tags?post=107309"}],"curies":[{"name":"wp","href":"https:\/\/api.w.org\/{rel}","templated":true}]}}